{"id":48022,"date":"2019-12-31T11:25:39","date_gmt":"2019-12-31T10:25:39","guid":{"rendered":"http:\/\/kortunal.com\/?p=48022"},"modified":"2025-12-30T14:32:15","modified_gmt":"2025-12-30T13:32:15","slug":"oboz-larpowy-dla-najmlodszych","status":"publish","type":"post","link":"https:\/\/kortunal.com\/index.php\/2019\/12\/31\/oboz-larpowy-dla-najmlodszych\/","title":{"rendered":"Ob\u00f3z larpowy dla najm\u0142odszych &#8211; SILBERBERG URWIS"},"content":{"rendered":"\n<p>C<strong>zym sie r\u00f3\u017cni Urwis.<\/strong><\/p>\n\n\n\n<p><strong>Je\u015bli zastanawiasz si\u0119 nad wys\u0142aniem na ob\u00f3z larpowy dla najm\u0142odszych swojej pociechy, koniecznie przeczytaj poni\u017cszy tekst! <\/strong><br>Zacznijmy od tego, co to za ob\u00f3z. <br>&#8222;Urwisy&#8221; to nasi uczestnicy w wieku od 8 do 13 lat, najm\u0142odsi bohaterowie fantastycznych przyg\u00f3d. URWIS jest obozem larpowym, przeznaczonym w\u0142a\u015bnie dla tego wieku.<\/p>\n\n\n\n<figure class=\"wp-block-image alignright is-resized\"><img loading=\"lazy\" decoding=\"async\" width=\"1024\" height=\"683\" src=\"https:\/\/kortunal.com\/wp-content\/uploads\/2023\/01\/0068_fot.Rekografia-1024x683.jpg\" alt=\"\" class=\"wp-image-49201\" style=\"width:379px;height:auto\" srcset=\"https:\/\/kortunal.com\/wp-content\/uploads\/2023\/01\/0068_fot.Rekografia-1024x683.jpg 1024w, https:\/\/kortunal.com\/wp-content\/uploads\/2023\/01\/0068_fot.Rekografia-980x653.jpg 980w, https:\/\/kortunal.com\/wp-content\/uploads\/2023\/01\/0068_fot.Rekografia-480x320.jpg 480w\" sizes=\"(min-width: 0px) and (max-width: 480px) 480px, (min-width: 481px) and (max-width: 980px) 980px, (min-width: 981px) 1024px, 100vw\" \/><\/figure>\n\n\n\n<h2 class=\"wp-block-heading has-medium-font-size\"><strong>Dlaczego <strong> ob\u00f3z larpowy dla najm\u0142odszych<\/strong><\/strong> <strong>Urwis to \u015bwietny pomys\u0142 dla 10- czy 12-latka?<\/strong><\/h2>\n\n\n\n<ul class=\"wp-block-list\">\n<li> bo baza Warownia, gdzie odbywa si\u0119 ob\u00f3z, to miejsce jak z ba\u015bni!<\/li>\n\n\n\n<li> bo to tydzie\u0144 blisko natury, z daleka od samochod\u00f3w, komputer\u00f3w i betonu, w\u015br\u00f3d zieleni i  dzikiej przyrody G\u00f3r Sowich<\/li>\n\n\n\n<li> bo wydarzenia na obozie dziej\u0105 si\u0119 non stop, staramy si\u0119, aby nie by\u0142o czasu si\u0119 nudzi\u0107, ani zastanawia\u0107 si\u0119 czy przypadkiem nie t\u0119skni <\/li>\n\n\n\n<li> bo dzieci ucz\u0105 si\u0119 pozytywnych rzeczy \u2013 pomaga\u0107 sobie nawzajem, broni\u0107 s\u0142abszych, przezwyci\u0119\u017ca\u0107 irracjonalny strach. No i ratuj\u0105 \u015bwiat!<\/li>\n\n\n\n<li>bo dzieci ucz\u0105 si\u0119 samodzielno\u015bci \u2013 od w\u0142asnor\u0119cznego robienia kanapek a\u017c do w\u0142asnor\u0119cznego rozpalania ogniska <\/li>\n\n\n\n<li>bo dzieci w tym wieku maj\u0105 mn\u00f3stwo energii i my t\u0105 energi\u0119 pozwalamy im wy\u0142adowa\u0107 bezpiecznie i pod kontrol\u0105 <\/li>\n<\/ul>\n\n\n\n<h2 class=\"wp-block-heading has-medium-font-size\">Inna opowie\u015b\u0107<\/h2>\n\n\n\n<div class=\"wp-block-media-text is-stacked-on-mobile is-resized\"><figure class=\"wp-block-media-text__media\"><img loading=\"lazy\" decoding=\"async\" width=\"800\" height=\"800\" src=\"http:\/\/kortunal.com\/wp-content\/uploads\/2019\/12\/0193_fot.Rekografia.jpg\" alt=\"\" class=\"wp-image-48276 size-full\" srcset=\"http:\/\/kortunal.com\/wp-content\/uploads\/2019\/12\/0193_fot.Rekografia.jpg 800w, http:\/\/kortunal.com\/wp-content\/uploads\/2019\/12\/0193_fot.Rekografia-480x480.jpg 480w\" sizes=\"(min-width: 0px) and (max-width: 480px) 480px, (min-width: 481px) 800px, 100vw\" \/><\/figure><div class=\"wp-block-media-text__content\">\n<p>Za\u0142o\u017ceniem, sensem i kr\u0119gos\u0142upem oboz\u00f3w Silberberg jest opowie\u015b\u0107. Fabu\u0142a, ten ci\u0105g zdarze\u0144, kt\u00f3rego cz\u0119\u015bci\u0105 staj\u0105 si\u0119 nasi uczestnicy, to opowie\u015b\u0107 o rzeczach niebanalnych, budz\u0105ca wyobra\u017ani\u0119 i wielkie emocje. Jej cz\u0119\u015bci\u0105 jest walka ze z\u0142em, walka z w\u0142asnym strachem, a tak\u017ce intelektualne zmagania, by zrozumie\u0107 intryg\u0119 i rozwik\u0142a\u0107 tajemnice.<\/p>\n\n\n\n<p><strong>Ob\u00f3z larpowy dla najm\u0142odszych<\/strong> jest pod tym wzgl\u0119dem podobny \u2013 ale na poziomie emocjonalnym uczestnik\u00f3w. Opowie\u015b\u0107, kt\u00f3rej cz\u0119\u015bci\u0105 dzieci si\u0119 stan\u0105, tak\u017ce b\u0119dzie niebanalna \u2013 wszak dzieci idealnie wyczuwaj\u0105, gdy kto\u015b traktuje je niepowa\u017cnie. To b\u0119d\u0105 powa\u017cne sprawy. Co najmniej \u015bwiat do uratowania. Jednak dylematy nie b\u0119d\u0105 tak trudne, wybory etyczne \u2013 bardziej klarowne, a warto\u015bci \u2013 czytelne.<\/p>\n<\/div><\/div>\n\n\n\n<h2 class=\"wp-block-heading has-medium-font-size\">Inny\nklimat<\/h2>\n\n\n\n<p> Tak\u017ce klimat i nastr\u00f3j nie b\u0119dzie ani w po\u0142owie tak mroczny i gro\u017any, jak ten, z kt\u00f3rym zmaga\u0107 si\u0119 przyjdzie starszym uczestnikom. Je\u015bli troch\u0119 Was wystraszy\u0142y zdj\u0119cia potwor\u00f3w i upior\u00f3w na stronie gry \u2013 prosz\u0119 si\u0119 nie martwi\u0107, takie gro\u017ane stwory nie pojawi\u0105 si\u0119 na tegorocznym Urwisie, a te, kt\u00f3re si\u0119 pojawi\u0105, nie b\u0119d\u0105 ani krwio\u017cercze ani a\u017c tak straszne.  <\/p>\n\n\n\n<h2 class=\"wp-block-heading has-medium-font-size\">Inne\n\u015bcie\u017cki<\/h2>\n\n\n\n<div class=\"wp-block-media-text is-stacked-on-mobile is-resized\"><figure class=\"wp-block-media-text__media\"><img loading=\"lazy\" decoding=\"async\" width=\"1024\" height=\"683\" src=\"https:\/\/kortunal.com\/wp-content\/uploads\/2023\/01\/0203_fot.Rekografia-1024x683.jpg\" alt=\"\" class=\"wp-image-49202 size-full\" srcset=\"https:\/\/kortunal.com\/wp-content\/uploads\/2023\/01\/0203_fot.Rekografia-1024x683.jpg 1024w, https:\/\/kortunal.com\/wp-content\/uploads\/2023\/01\/0203_fot.Rekografia-980x653.jpg 980w, https:\/\/kortunal.com\/wp-content\/uploads\/2023\/01\/0203_fot.Rekografia-480x320.jpg 480w\" sizes=\"(min-width: 0px) and (max-width: 480px) 480px, (min-width: 481px) and (max-width: 980px) 980px, (min-width: 981px) 1024px, 100vw\" \/><\/figure><div class=\"wp-block-media-text__content\">\n<p>Silberberg jest nierozerwalnie z\u0142\u0105czony ze Srebrn\u0105 G\u00f3r\u0105 i jej le\u015bnymi ruinami. Tam toczy si\u0119 gra, tak\u017ce Urwisa. Jednak prosz\u0119 si\u0119 nie martwi\u0107, \u017ce dzieci nie dadz\u0105 rady biega\u0107 pod g\u00f3rk\u0119 i w\u0119drowa\u0107 przez fosy \u2013 na pewno nie postawimy przed dzie\u0107mi zada\u0144 ponad ich si\u0142y. <strong> Ob\u00f3z larpowy dla najm\u0142odszych<\/strong> jest tu du\u017co \u0142agodniejszy. W\u0119dr\u00f3wki na Urwisie s\u0105 kr\u00f3tsze i jakby troch\u0119 mniej pod g\u00f3rk\u0119 \ud83d\ude09 A jednocze\u015bnie na pewno zapewnimy troch\u0119 zdrowego zm\u0119czenia, kt\u00f3re dzieci tak dobrze w tym wieku regeneruj\u0105.<\/p>\n<\/div><\/div>\n\n\n\n<h2 class=\"wp-block-heading has-medium-font-size\">Inne\nzasady<\/h2>\n\n\n\n<p>By\u0107\nmo\u017ce, zajrzawszy na stron\u0119 gry Silberberg, przestraszyli\u015bcie si\u0119\nnieco du\u017cej ilo\u015bci zamieszczonych tam informacji o \u015bwiecie gry. S\u0105\ntam przecie\u017c zasady, opisy krain, opisy ras, jakie\u015b historie,\nkroniki, imiona&#8230; Pomy\u015bleli\u015bcie, \u017ce Wasze dziecko nie poradzi\nsobie z t\u0105 wiedz\u0105? Nie b\u0119dzie musia\u0142o! Nie ma si\u0119 co martwi\u0107,\nznajomo\u015b\u0107 wszystkich tych informacji ze strony nie jest konieczna!\nNa ka\u017cdy ob\u00f3z mo\u017ce przyjecha\u0107 osoba, kt\u00f3ra nie ma poj\u0119cia o\n\u015bwiecie gry, nawet na turnus dla weteran\u00f3w. I tak, zanim zaczniemy\nzabaw\u0119, wszystkie zasady om\u00f3wimy z uczestnikami, sp\u0119dzimy par\u0119\ngodzin odpowiadaj\u0105c na pytania i wyja\u015bniaj\u0105c w\u0105tpliwo\u015bci.  Na\nobozie Urwis wszystkie zasady s\u0105 uproszczone, informacje \u2013\nskr\u00f3cone, a opiekun pomo\u017ce dziecku w ka\u017cdej chwili z wszelkimi\naspektami gry. \n<\/p>\n\n\n\n<p class=\"has-medium-font-size\">Inne\nemocje<\/p>\n\n\n\n<div class=\"wp-block-media-text is-stacked-on-mobile is-resized\" style=\"grid-template-columns:39% auto\"><figure class=\"wp-block-media-text__media\"><img loading=\"lazy\" decoding=\"async\" width=\"800\" height=\"800\" src=\"http:\/\/kortunal.com\/wp-content\/uploads\/2019\/12\/0046_fot.Rekografia.jpg\" alt=\"\" class=\"wp-image-48275 size-full\" srcset=\"http:\/\/kortunal.com\/wp-content\/uploads\/2019\/12\/0046_fot.Rekografia.jpg 800w, http:\/\/kortunal.com\/wp-content\/uploads\/2019\/12\/0046_fot.Rekografia-480x480.jpg 480w\" sizes=\"(min-width: 0px) and (max-width: 480px) 480px, (min-width: 481px) 800px, 100vw\" \/><\/figure><div class=\"wp-block-media-text__content\">\n<p>Na tym obozie dzieci najprawdopodobniej pierwszy raz zetkn\u0105 si\u0119 z wieloma zjawiskami, takimi jak las czy ciemno\u015b\u0107. Nie b\u0119dziemy dzieci przed tym izolowa\u0107 \u2013 wr\u0119cz przeciwnie, nauczymy je, jak je rozumie\u0107. Pomo\u017cemy poradzi\u0107 sobie ze strachem, bo przecie\u017c to nic z\u0142ego si\u0119 ba\u0107, ale strachowi nie trzeba ulega\u0107. W dodatku wsp\u00f3lnymi si\u0142ami, pomagaj\u0105c sobie nawzajem i znajduj\u0105c w sobie odwag\u0119 \u2013 mo\u017cna sobie poradzi\u0107 ze wszystkim.<\/p>\n<\/div><\/div>\n\n\n\n<h2 class=\"wp-block-heading has-medium-font-size\">Inna\nopieka<\/h2>\n\n\n\n<p>Opiekunowie-gracze\nna innych obozach s\u0105 przewodnikami, wychowawcami i inspiratorami\nwydarze\u0144. Na Urwisie \u2013 s\u0105 w\u0142a\u015bnie opiekunami w pe\u0142nym\nznaczeniu tego s\u0142owa. Nie wyr\u0119czaj\u0105 dzieci, nie ograniczaj\u0105 ich\ninwencji i swobody, ale s\u0105 obok, \u017ceby w razie czego wspom\u00f3c w\ndzia\u0142aniu, pokonuj\u0105c potwora rozwi\u0105zuj\u0105cych si\u0119 sznur\u00f3wek albo\nwyjawiaj\u0105c tajemnic\u0119 rozpalania ogniska.<\/p>\n\n\n\n<h2 class=\"wp-block-heading has-medium-font-size\">Dzie\u0144\nz \u017cycia Urwisa \n<\/h2>\n\n\n\n<ul class=\"wp-block-list\">\n<li>\n\tOk. 9:00 \u2013 pobudka. Nie zrywamy si\u0119 wcze\u015bnie, bo po pierwsze s\u0105\n\twakacje, a po drugie \u2013 prawdopodobnie poprzedniej nocy trwa\u0142y\n\temocjonuj\u0105ce akcje, kt\u00f3re trzeba odespa\u0107.\n\t<\/li>\n\n\n\n<li>\n\t\u015aniadanie \u2013 bierzemy miseczk\u0119 i kubeczek, umyte po uprzednim\n\tposi\u0142ku i w\u0119drujemy do halli. Tam czeka bufet kanapkowy z\n\tdodatkami \u2013 p\u0142atki \u015bniadaniowe, warzywa i inne. <br>\nPrzy\n\t\u015bniadaniu zapewne co\u015b si\u0119 wydarzy \u2013 przyjdzie kupiec albo\n\tmieszka\u0144cy, poprosi\u0107 o pomoc przeciwko potworowi.\n\t<\/li>\n\n\n\n<li>\n\tAkcja! Czas wyruszy\u0107 w teren \u2013 bada\u0107 \u015blady, przepyta\u0107\n\t\u015bwiadk\u00f3w, poszuka\u0107 artefakt\u00f3w. Intryga sama si\u0119  nie rozwi\u0105\u017ce!\n\t<\/li>\n\n\n\n<li>\n\tObiad \u2013 po odpowiedniej dawce terenu trzeba co\u015b przek\u0105si\u0107. Wi\u0119c\n\tmiseczki \u2013 i do halli. Na obiad klasycznie i syto, wi\u0119c ziemniaki\n\tz dobrym mi\u0119sem, sur\u00f3wka i co\u015b s\u0142odkiego na deser. \n\t\n\t<\/li>\n\n\n\n<li>\n\tCzas na trening \u2013 albo przygotowanie sprz\u0119tu. Albo narad\u0119.\n\tTrzeba nauczy\u0107 si\u0119 wielu rzeczy, koordynacji w walce, pos\u0142ugiwania\n\tsi\u0119 magi\u0105 czy \u0142ukiem. \n\t\n\t<\/li>\n\n\n\n<li>\n\tKolacja \u2013 kanapki z dodatkami.\n\t<\/li>\n\n\n\n<li>\n\tWieczorna akcja \u2013 zapada zmrok, to czas potwor\u00f3w i z\u0142oczy\u0144c\u00f3w,\n\tkto\u015b musi przed nimi ochroni\u0107 osad\u0119. Trzeba zgra\u0107 si\u0142y,\n\tprzemy\u015ble\u0107 dzia\u0142ania. Mo\u017ce b\u0119d\u0119 potrzebne negocjacje albo\n\tpodst\u0119p! A mo\u017ce nawet wyprawa do okolicznych ruin.\n\t<\/li>\n\n\n\n<li> Nocna warta \u2013 nad bezpiecze\u0144stwem trzeba czuwa\u0107 ca\u0142y czas, tak\u017ce w nocy! W dru\u017cynach po kilka os\u00f3b idziemy pe\u0142ni\u0107 wart\u0119 przy ognisku, kt\u00f3re wcze\u015bniej wsp\u00f3lnie z opiekunem rozpalamy. Gdyby pojawi\u0142o si\u0119 co\u015b niespodziewanego, trzeba przecie\u017c wszystkich obudzi\u0107.  Warta trwa nie d\u0142u\u017cej ni\u017c godzin\u0119, a je\u015bli kto\u015b jest bardzo zm\u0119czony, mog\u0105 zast\u0105pi\u0107 go koledzy. <\/li>\n<\/ul>\n\n\n\n<h2 class=\"wp-block-heading has-vivid-red-color has-text-color has-large-font-size\"><strong>R\u00f3\u017cnice wa\u017cne i powa\u017cne<\/strong><\/h2>\n\n\n\n<div class=\"wp-block-media-text is-stacked-on-mobile is-resized\"><figure class=\"wp-block-media-text__media\"><img loading=\"lazy\" decoding=\"async\" width=\"1024\" height=\"683\" src=\"https:\/\/kortunal.com\/wp-content\/uploads\/2023\/01\/0175_fot.Rekografia-1024x683.jpg\" alt=\"\" class=\"wp-image-49203 size-full\" srcset=\"https:\/\/kortunal.com\/wp-content\/uploads\/2023\/01\/0175_fot.Rekografia-1024x683.jpg 1024w, https:\/\/kortunal.com\/wp-content\/uploads\/2023\/01\/0175_fot.Rekografia-980x653.jpg 980w, https:\/\/kortunal.com\/wp-content\/uploads\/2023\/01\/0175_fot.Rekografia-480x320.jpg 480w\" sizes=\"(min-width: 0px) and (max-width: 480px) 480px, (min-width: 481px) and (max-width: 980px) 980px, (min-width: 981px) 1024px, 100vw\" \/><\/figure><div class=\"wp-block-media-text__content\">\n<p>Wybieraj\u0105c ob\u00f3z Urwis warto pami\u0119ta\u0107 o kilku wa\u017cnych rzeczach.<\/p>\n\n\n\n<p class=\"has-vivid-red-color has-text-color has-medium-font-size\"><strong>BEZ RODZIC\u00d3W! <\/strong><\/p>\n\n\n\n<p>7 dni turnusu to jednak jest tydzie\u0144 roz\u0142\u0105ki z rodzicami. Dzieci, kt\u00f3re nie s\u0105 gotowe na taki wyjazd, kt\u00f3re nie potrafi\u0105 samodzielnie wykonywa\u0107 podstawowych czynno\u015bci, takich jak umycie si\u0119 czy zmiana ubrania, nie powinny jednak na taki ob\u00f3z jecha\u0107. Nasi wychowawcy b\u0119d\u0105 blisko Uczestnik\u00f3w, b\u0119d\u0105 si\u0119 opiekowa\u0107 i pomaga\u0107 im we wszystkim, ale nie mog\u0105 ich wyr\u0119cza\u0107 w sferze prywatnej.<\/p>\n<\/div><\/div>\n\n\n\n<h2 class=\"wp-block-heading has-vivid-red-color has-text-color has-medium-font-size\"><strong>BEZ  WYG\u00d3D!<\/strong><\/h2>\n\n\n\n<p class=\"has-vivid-red-color has-text-color\">Zanim wybierzecie &#8222;URWISA&#8221;, koniecznie przeczytajcie o warunkach pobytu w Warowni! Co prawda w domkach jest coraz wygodniej, ale wci\u0105\u017c niekt\u00f3re \u0142\u00f3\u017cka s\u0105 pi\u0119trowe, a w domku \u015bpi przynajmniej 5 os\u00f3b. W nocy oko\u0142o godziny wartujemy przy ognisku. A do tego na obiad nie b\u0119dzie raczej pizzy&#8230; <br>Je\u015bli te elementy maj\u0105 przy\u0107mi\u0107 dobr\u0105 zabaw\u0119 naszego Urwisa, to lepiej wybra\u0107 inn\u0105 bajk\u0119.<\/p>\n\n\n\n<h2 class=\"wp-block-heading has-vivid-red-color has-text-color has-medium-font-size\"><strong>BEZ TELEFON\u00d3W!  <\/strong><\/h2>\n\n\n\n<p class=\"has-vivid-red-color has-text-color\">Kilka lat temu podj\u0119li\u015bmy bardzo wa\u017cn\u0105 decyzj\u0119 &#8211; uczestnicy URWISA bawi\u0105 si\u0119 bez telefon\u00f3w. Elektronik\u0119 deponujemy u wychowawc\u00f3w i raz dziennie obowi\u0105zkowo wyznaczamy czas na telefon do domu. <br>Dlaczego? <br>Okres covida i zdalnej nauki, ujawni\u0142 wiele nowych problem\u00f3w. Telefon stanowczo zbyt cz\u0119sto stanowi g\u0142\u00f3wne narz\u0119dzie komunikacji i zbyt cz\u0119sto zast\u0119puje rozmow\u0119 z drugim cz\u0142owiekiem, tak z koleg\u0105, jak i z wychowawc\u0105. Zbyt cz\u0119sto te\u017c, zamiast pozwala\u0107 na z\u0142agodzenie t\u0119sknoty za domem, zwi\u0119ksza j\u0105 i to spiralnie. <br>To by\u0142a dobra decyzja &#8211; system bardzo dobrze si\u0119 sprawdza i pozwala na realny detoks od ekran\u00f3w. <\/p>\n\n\n\n<h2 class=\"wp-block-heading has-vivid-red-color has-text-color has-medium-font-size\"><strong>BEZ KOMUNIKACJI&#8230; TO SI\u0118 NIE UDA! <\/strong><\/h2>\n\n\n\n<p class=\"has-vivid-red-color has-text-color\">Tutaj, na obozie, dla naszych Urwis\u00f3w jeste\u015bmy jedynymi opiekunami, ale przecie\u017c ob\u00f3z to tylko epizod w ich \u017cyciu. Zanim m\u0142odzi nam zaufaj\u0105, potrzebujemy wiedzy o nich i ich problemach, wiedzy, kt\u00f3r\u0105 podziel\u0105 si\u0119 tylko z Wami, z ukochanymi Rodzicami. Bez Waszej pomocy i wsp\u00f3\u0142pracy ci\u0119\u017cko nam b\u0119dzie zwalczy\u0107 t\u0119sknot\u0119, nie\u015bmia\u0142o\u015b\u0107, osamotnienie, a nawet tak banalne problemy, jak brak \u0142y\u017cki do zupy&#8230; To nasz ma\u0142y apel &#8211; Rodzice, pom\u00f3\u017ccie nam w tym zadaniu i m\u00f3wcie o problemach, jakie na obozie maj\u0105 Wasze pociechy!  <strong>Je\u015bli o czym\u015b nie wiemy, to nie mo\u017cemy pom\u00f3c.<\/strong><\/p>\n\n\n\n<p>Na zako\u0144czenie &#8211; je\u015bli chcecie pozna\u0107 dodatkow\u0105 porcj\u0119 porad w temacie Urwisowych t\u0119sknot &#8211; zapraszamy do naszego artyku\u0142u: <a href=\"https:\/\/kortunal.com\/index.php\/2023\/02\/21\/urwisowa-tesknota-czyli-rodzicu-wytrzymaj\">URWISOWA T\u0118SKNOTA czyli RODZICU! WYTRZYMAJ!<\/a><\/p>\n\n\n\n<p><\/p>\n\n\n\n<p>Drodzy Rodzice, je\u015bli macie jakie\u015b pytania, potrzebujecie porad albo bardziej szczeg\u00f3\u0142owych informacji &#8211; zapraszamy serdecznie do kontaktu z nami:<\/p>\n\n\n\n<div class=\"wp-block-media-text alignwide is-stacked-on-mobile\" style=\"grid-template-columns:16% auto\"><figure class=\"wp-block-media-text__media\"><img loading=\"lazy\" decoding=\"async\" width=\"960\" height=\"620\" src=\"https:\/\/kortunal.com\/wp-content\/uploads\/2023\/02\/image.png\" alt=\"\" class=\"wp-image-49296 size-full\" srcset=\"https:\/\/kortunal.com\/wp-content\/uploads\/2023\/02\/image.png 960w, https:\/\/kortunal.com\/wp-content\/uploads\/2023\/02\/image-480x310.png 480w\" sizes=\"(min-width: 0px) and (max-width: 480px) 480px, (min-width: 481px) 960px, 100vw\" \/><\/figure><div class=\"wp-block-media-text__content\">\n<p class=\"has-x-large-font-size\"><strong>rezerwacja@silberberg.pl<\/strong><\/p>\n<\/div><\/div>\n\n\n\n<p>Oczywi\u015bcie zapraszamy tak\u017ce do rezerwacji miejsca na naszych obozach:<\/p>\n\n\n\n<div class=\"wp-block-buttons is-layout-flex wp-block-buttons-is-layout-flex\">\n<div class=\"wp-block-button\"><a class=\"wp-block-button__link has-white-color has-text-color has-link-color wp-element-button\" href=\"https:\/\/docs.google.com\/forms\/d\/e\/1FAIpQLSfSlzKtwqkqo4sPMNZZoiZ3Chsb17wx1xpvv2Jssbc_kiD5zw\/viewform\" target=\"_blank\" rel=\"noreferrer noopener\"><strong><mark style=\"background-color:rgba(0, 0, 0, 0)\" class=\"has-inline-color has-white-color\">REZERWUJ<\/mark><\/strong><\/a><\/div>\n<\/div>\n","protected":false},"excerpt":{"rendered":"<p>Wszystko o URWISIE &#8211; Silberberg URwis to ob\u00f3z larpowy dla najm\u0142odszych uczestnik\u00f3w.<\/p>\n","protected":false},"author":1,"featured_media":49288,"comment_status":"open","ping_status":"open","sticky":false,"template":"","format":"standard","meta":{"_et_pb_use_builder":"off","_et_pb_old_content":"<!-- wp:paragraph {\"placeholder\":\"Tre\u015b\u0107\u2026\"} -->\n<p>C<strong>zym sie r\u00f3\u017cni Urwis.<\/strong><\/p>\n<!-- \/wp:paragraph -->\n\n<!-- wp:paragraph {\"placeholder\":\"Tre\u015b\u0107\u2026\"} -->\n<p><strong>Je\u015bli zastanawiasz si\u0119 nad wys\u0142aniem na ob\u00f3z larpowy dla najm\u0142odszych swojej pociechy, koniecznie przeczytaj poni\u017cszy tekst! <\/strong><br>Zacznijmy od tego, co to za ob\u00f3z. <br>\"Urwisy\" to nasi uczestnicy w wieku od 8 do 13 lat, najm\u0142odsi bohaterowie fantastycznych przyg\u00f3d. URWIS jest obozem larpowym, przeznaczonym w\u0142a\u015bnie dla tego wieku.<\/p>\n<!-- \/wp:paragraph -->\n\n<!-- wp:media-text {\"mediaId\":49201,\"mediaType\":\"image\",\"className\":\"is-resized\"} -->\n<div class=\"wp-block-media-text is-stacked-on-mobile is-resized\"><figure class=\"wp-block-media-text__media\"><img src=\"https:\/\/kortunal.com\/wp-content\/uploads\/2023\/01\/0068_fot.Rekografia-1024x683.jpg\" alt=\"\" class=\"wp-image-49201 size-full\"\/><\/figure><div class=\"wp-block-media-text__content\"><!-- wp:paragraph {\"placeholder\":\"Tre\u015b\u0107\u2026\"} -->\n<p><strong>Dlaczego Silber-Urwis to \u015bwietny pomys\u0142 dla 10- czy 12-latka?<\/strong><\/p>\n<!-- \/wp:paragraph -->\n\n<!-- wp:paragraph {\"placeholder\":\"Tre\u015b\u0107\u2026\"} -->\n<p> bo baza Warownia, gdzie odbywa si\u0119 ob\u00f3z, to miejsce jak z ba\u015bni!<\/p>\n<!-- \/wp:paragraph -->\n\n<!-- wp:paragraph -->\n<p> bo to tydzie\u0144 blisko natury, z daleka od samochod\u00f3w, komputer\u00f3w i betonu, w\u015br\u00f3d zieleni i  dzikiej przyrody G\u00f3r Sowich<\/p>\n<!-- \/wp:paragraph -->\n\n<!-- wp:paragraph -->\n<p> bo wydarzenia na obozie dziej\u0105 si\u0119 non stop, staramy si\u0119, aby nie by\u0142o czasu si\u0119 nudzi\u0107, ani zastanawia\u0107 si\u0119 czy przypadkiem nie t\u0119skni <\/p>\n<!-- \/wp:paragraph -->\n\n<!-- wp:paragraph -->\n<p> bo dzieci ucz\u0105 si\u0119 pozytywnych rzeczy \u2013 pomaga\u0107 sobie nawzajem, broni\u0107 s\u0142abszych, przezwyci\u0119\u017ca\u0107 irracjonalny strach. No i ratuj\u0105 \u015bwiat!<\/p>\n<!-- \/wp:paragraph -->\n\n<!-- wp:paragraph -->\n<p>bo dzieci ucz\u0105 si\u0119 samodzielno\u015bci \u2013 od w\u0142asnor\u0119cznego robienia kanapek a\u017c do w\u0142asnor\u0119cznego rozpalania ogniska <\/p>\n<!-- \/wp:paragraph -->\n\n<!-- wp:paragraph -->\n<p> bo dzieci w tym wieku maj\u0105 mn\u00f3stwo energii i my t\u0105 energi\u0119 pozwalamy im wy\u0142adowa\u0107 bezpiecznie i pod kontrol\u0105 <\/p>\n<!-- \/wp:paragraph --><\/div><\/div>\n<!-- \/wp:media-text -->\n\n<!-- wp:heading {\"fontSize\":\"medium\"} -->\n<h2 class=\"wp-block-heading has-medium-font-size\">Inna opowie\u015b\u0107<\/h2>\n<!-- \/wp:heading -->\n\n<!-- wp:media-text {\"mediaId\":48276,\"mediaType\":\"image\",\"className\":\"is-resized\"} -->\n<div class=\"wp-block-media-text is-stacked-on-mobile is-resized\"><figure class=\"wp-block-media-text__media\"><img src=\"http:\/\/kortunal.com\/wp-content\/uploads\/2019\/12\/0193_fot.Rekografia.jpg\" alt=\"\" class=\"wp-image-48276 size-full\"\/><\/figure><div class=\"wp-block-media-text__content\"><!-- wp:paragraph {\"placeholder\":\"Tre\u015b\u0107\u2026\"} -->\n<p>Za\u0142o\u017ceniem, sensem i kr\u0119gos\u0142upem oboz\u00f3w Silberberg jest opowie\u015b\u0107. Fabu\u0142a, ten ci\u0105g zdarze\u0144, kt\u00f3rego cz\u0119\u015bci\u0105 staj\u0105 si\u0119 nasi uczestnicy, to opowie\u015b\u0107 o rzeczach niebanalnych, budz\u0105ca wyobra\u017ani\u0119 i wielkie emocje. Jej cz\u0119\u015bci\u0105 jest walka ze z\u0142em, walka z w\u0142asnym strachem, a tak\u017ce intelektualne zmagania, by zrozumie\u0107 intryg\u0119 i rozwik\u0142a\u0107 tajemnice.<\/p>\n<!-- \/wp:paragraph -->\n\n<!-- wp:paragraph {\"placeholder\":\"Tre\u015b\u0107\u2026\"} -->\n<p>Na obozie Urwis przebiega to zupe\u0142nie podobnie \u2013 ale na poziomie emocjonalnym uczestnik\u00f3w. Opowie\u015b\u0107, kt\u00f3rej cz\u0119\u015bci\u0105 dzieci si\u0119 stan\u0105, tak\u017ce b\u0119dzie niebanalna \u2013 wszak dzieci idealnie wyczuwaj\u0105, gdy kto\u015b traktuje je niepowa\u017cnie. To b\u0119d\u0105 powa\u017cne sprawy. Co najmniej \u015bwiat do uratowania. Jednak dylematy nie b\u0119d\u0105 tak trudne, wybory etyczne \u2013 bardziej klarowne, a warto\u015bci \u2013 czytelne.<\/p>\n<!-- \/wp:paragraph --><\/div><\/div>\n<!-- \/wp:media-text -->\n\n<!-- wp:heading {\"fontSize\":\"medium\"} -->\n<h2 class=\"wp-block-heading has-medium-font-size\">Inny\nklimat<\/h2>\n<!-- \/wp:heading -->\n\n<!-- wp:paragraph -->\n<p> Tak\u017ce klimat i nastr\u00f3j nie b\u0119dzie ani w po\u0142owie tak mroczny i gro\u017any, jak ten, z kt\u00f3rym zmaga\u0107 si\u0119 przyjdzie starszym uczestnikom. Je\u015bli troch\u0119 Was wystraszy\u0142y zdj\u0119cia potwor\u00f3w i upior\u00f3w na stronie gry \u2013 prosz\u0119 si\u0119 nie martwi\u0107, takie gro\u017ane stwory nie pojawi\u0105 si\u0119 na tegorocznym Urwisie, a te, kt\u00f3re si\u0119 pojawi\u0105, nie b\u0119d\u0105 ani krwio\u017cercze ani a\u017c tak straszne.  <\/p>\n<!-- \/wp:paragraph -->\n\n<!-- wp:heading {\"fontSize\":\"medium\"} -->\n<h2 class=\"wp-block-heading has-medium-font-size\">Inne\n\u015bcie\u017cki<\/h2>\n<!-- \/wp:heading -->\n\n<!-- wp:media-text {\"mediaId\":49202,\"mediaType\":\"image\",\"className\":\"is-resized\"} -->\n<div class=\"wp-block-media-text is-stacked-on-mobile is-resized\"><figure class=\"wp-block-media-text__media\"><img src=\"https:\/\/kortunal.com\/wp-content\/uploads\/2023\/01\/0203_fot.Rekografia-1024x683.jpg\" alt=\"\" class=\"wp-image-49202 size-full\"\/><\/figure><div class=\"wp-block-media-text__content\"><!-- wp:paragraph {\"placeholder\":\"Tre\u015b\u0107\u2026\"} -->\n<p>Silberberg jest nierozerwalnie z\u0142\u0105czony ze Srebrn\u0105 G\u00f3r\u0105 i jej le\u015bnymi ruinami. Tam toczy si\u0119 gra, tak\u017ce Urwisa. Jednak prosz\u0119 si\u0119 nie martwi\u0107, \u017ce dzieci nie dadz\u0105 rady biega\u0107 pod g\u00f3rk\u0119 i w\u0119drowa\u0107 przez fosy \u2013 na pewno nie postawimy przed dzie\u0107mi zada\u0144 ponad ich si\u0142y. W\u0119dr\u00f3wki na Urwisie s\u0105 kr\u00f3tsze i jakby troch\u0119 mniej pod g\u00f3rk\u0119 ;) A jednocze\u015bnie na pewno zapewnimy troch\u0119 zdrowego zm\u0119czenia, kt\u00f3re dzieci tak dobrze w tym wieku regeneruj\u0105.<\/p>\n<!-- \/wp:paragraph --><\/div><\/div>\n<!-- \/wp:media-text -->\n\n<!-- wp:heading {\"fontSize\":\"medium\"} -->\n<h2 class=\"wp-block-heading has-medium-font-size\">Inne\nzasady<\/h2>\n<!-- \/wp:heading -->\n\n<!-- wp:paragraph -->\n<p>By\u0107\nmo\u017ce, zajrzawszy na stron\u0119 gry Silberberg, przestraszyli\u015bcie si\u0119\nnieco du\u017cej ilo\u015bci zamieszczonych tam informacji o \u015bwiecie gry. S\u0105\ntam przecie\u017c zasady, opisy krain, opisy ras, jakie\u015b historie,\nkroniki, imiona... Pomy\u015bleli\u015bcie, \u017ce Wasze dziecko nie poradzi\nsobie z t\u0105 wiedz\u0105? Nie b\u0119dzie musia\u0142o! Nie ma si\u0119 co martwi\u0107,\nznajomo\u015b\u0107 wszystkich tych informacji ze strony nie jest konieczna!\nNa ka\u017cdy ob\u00f3z mo\u017ce przyjecha\u0107 osoba, kt\u00f3ra nie ma poj\u0119cia o\n\u015bwiecie gry, nawet na turnus dla weteran\u00f3w. I tak, zanim zaczniemy\nzabaw\u0119, wszystkie zasady om\u00f3wimy z uczestnikami, sp\u0119dzimy par\u0119\ngodzin odpowiadaj\u0105c na pytania i wyja\u015bniaj\u0105c w\u0105tpliwo\u015bci.  Na\nobozie Urwis wszystkie zasady s\u0105 uproszczone, informacje \u2013\nskr\u00f3cone, a opiekun pomo\u017ce dziecku w ka\u017cdej chwili z wszelkimi\naspektami gry. \n<\/p>\n<!-- \/wp:paragraph -->\n\n<!-- wp:paragraph {\"fontSize\":\"medium\"} -->\n<p class=\"has-medium-font-size\">Inne\nemocje<\/p>\n<!-- \/wp:paragraph -->\n\n<!-- wp:media-text {\"mediaId\":48275,\"mediaType\":\"image\",\"mediaWidth\":39,\"className\":\"is-resized\"} -->\n<div class=\"wp-block-media-text is-stacked-on-mobile is-resized\" style=\"grid-template-columns:39% auto\"><figure class=\"wp-block-media-text__media\"><img src=\"http:\/\/kortunal.com\/wp-content\/uploads\/2019\/12\/0046_fot.Rekografia.jpg\" alt=\"\" class=\"wp-image-48275 size-full\"\/><\/figure><div class=\"wp-block-media-text__content\"><!-- wp:paragraph {\"placeholder\":\"Tre\u015b\u0107\u2026\"} -->\n<p>Na tym obozie dzieci najprawdopodobniej pierwszy raz zetkn\u0105 si\u0119 z wieloma zjawiskami, takimi jak las czy ciemno\u015b\u0107. Nie b\u0119dziemy dzieci przed tym izolowa\u0107 \u2013 wr\u0119cz przeciwnie, nauczymy je, jak je rozumie\u0107. Pomo\u017cemy poradzi\u0107 sobie ze strachem, bo przecie\u017c to nic z\u0142ego si\u0119 ba\u0107, ale strachowi nie trzeba ulega\u0107. W dodatku wsp\u00f3lnymi si\u0142ami, pomagaj\u0105c sobie nawzajem i znajduj\u0105c w sobie odwag\u0119 \u2013 mo\u017cna sobie poradzi\u0107 ze wszystkim.<\/p>\n<!-- \/wp:paragraph --><\/div><\/div>\n<!-- \/wp:media-text -->\n\n<!-- wp:heading {\"fontSize\":\"medium\"} -->\n<h2 class=\"wp-block-heading has-medium-font-size\">Inna\nopieka<\/h2>\n<!-- \/wp:heading -->\n\n<!-- wp:paragraph -->\n<p>Opiekunowie-gracze\nna innych obozach s\u0105 przewodnikami, wychowawcami i inspiratorami\nwydarze\u0144. Na Urwisie \u2013 s\u0105 w\u0142a\u015bnie opiekunami w pe\u0142nym\nznaczeniu tego s\u0142owa. Nie wyr\u0119czaj\u0105 dzieci, nie ograniczaj\u0105 ich\ninwencji i swobody, ale s\u0105 obok, \u017ceby w razie czego wspom\u00f3c w\ndzia\u0142aniu, pokonuj\u0105c potwora rozwi\u0105zuj\u0105cych si\u0119 sznur\u00f3wek albo\nwyjawiaj\u0105c tajemnic\u0119 rozpalania ogniska.<\/p>\n<!-- \/wp:paragraph -->\n\n<!-- wp:heading {\"fontSize\":\"medium\"} -->\n<h2 class=\"wp-block-heading has-medium-font-size\">Dzie\u0144\nz \u017cycia Urwisa \n<\/h2>\n<!-- \/wp:heading -->\n\n<!-- wp:list -->\n<ul class=\"wp-block-list\"><!-- wp:list-item -->\n<li>\n\tOk. 9:00 \u2013 pobudka. Nie zrywamy si\u0119 wcze\u015bnie, bo po pierwsze s\u0105\n\twakacje, a po drugie \u2013 prawdopodobnie poprzedniej nocy trwa\u0142y\n\temocjonuj\u0105ce akcje, kt\u00f3re trzeba odespa\u0107.\n\t<\/li>\n<!-- \/wp:list-item -->\n\n<!-- wp:list-item -->\n<li>\n\t\u015aniadanie \u2013 bierzemy miseczk\u0119 i kubeczek, umyte po uprzednim\n\tposi\u0142ku i w\u0119drujemy do halli. Tam czeka bufet kanapkowy z\n\tdodatkami \u2013 p\u0142atki \u015bniadaniowe, warzywa i inne. <br>\nPrzy\n\t\u015bniadaniu zapewne co\u015b si\u0119 wydarzy \u2013 przyjdzie kupiec albo\n\tmieszka\u0144cy, poprosi\u0107 o pomoc przeciwko potworowi.\n\t<\/li>\n<!-- \/wp:list-item -->\n\n<!-- wp:list-item -->\n<li>\n\tAkcja! Czas wyruszy\u0107 w teren \u2013 bada\u0107 \u015blady, przepyta\u0107\n\t\u015bwiadk\u00f3w, poszuka\u0107 artefakt\u00f3w. Intryga sama si\u0119  nie rozwi\u0105\u017ce!\n\t<\/li>\n<!-- \/wp:list-item -->\n\n<!-- wp:list-item -->\n<li>\n\tObiad \u2013 po odpowiedniej dawce terenu trzeba co\u015b przek\u0105si\u0107. Wi\u0119c\n\tmiseczki \u2013 i do halli. Na obiad klasycznie i syto, wi\u0119c ziemniaki\n\tz dobrym mi\u0119sem, sur\u00f3wka i co\u015b s\u0142odkiego na deser. \n\t\n\t<\/li>\n<!-- \/wp:list-item -->\n\n<!-- wp:list-item -->\n<li>\n\tCzas na trening \u2013 albo przygotowanie sprz\u0119tu. Albo narad\u0119.\n\tTrzeba nauczy\u0107 si\u0119 wielu rzeczy, koordynacji w walce, pos\u0142ugiwania\n\tsi\u0119 magi\u0105 czy \u0142ukiem. \n\t\n\t<\/li>\n<!-- \/wp:list-item -->\n\n<!-- wp:list-item -->\n<li>\n\tKolacja \u2013 kanapki z dodatkami.\n\t<\/li>\n<!-- \/wp:list-item -->\n\n<!-- wp:list-item -->\n<li>\n\tWieczorna akcja \u2013 zapada zmrok, to czas potwor\u00f3w i z\u0142oczy\u0144c\u00f3w,\n\tkto\u015b musi przed nimi ochroni\u0107 osad\u0119. Trzeba zgra\u0107 si\u0142y,\n\tprzemy\u015ble\u0107 dzia\u0142ania. Mo\u017ce b\u0119d\u0119 potrzebne negocjacje albo\n\tpodst\u0119p! A mo\u017ce nawet wyprawa do okolicznych ruin.\n\t<\/li>\n<!-- \/wp:list-item -->\n\n<!-- wp:list-item -->\n<li> Nocna warta \u2013 nad bezpiecze\u0144stwem trzeba czuwa\u0107 ca\u0142y czas, tak\u017ce w nocy! W dru\u017cynach po kilka os\u00f3b idziemy pe\u0142ni\u0107 wart\u0119 przy ognisku, kt\u00f3re wcze\u015bniej wsp\u00f3lnie z opiekunem rozpalamy. Gdyby pojawi\u0142o si\u0119 co\u015b niespodziewanego, trzeba przecie\u017c wszystkich obudzi\u0107.  Warta trwa nie d\u0142u\u017cej ni\u017c godzin\u0119, a je\u015bli kto\u015b jest bardzo zm\u0119czony, mog\u0105 zast\u0105pi\u0107 go koledzy. <\/li>\n<!-- \/wp:list-item --><\/ul>\n<!-- \/wp:list -->\n\n<!-- wp:heading {\"textColor\":\"vivid-red\",\"fontSize\":\"large\"} -->\n<h2 class=\"wp-block-heading has-vivid-red-color has-text-color has-large-font-size\"><strong>R\u00f3\u017cnice wa\u017cne i powa\u017cne<\/strong><\/h2>\n<!-- \/wp:heading -->\n\n<!-- wp:media-text {\"mediaId\":49203,\"mediaType\":\"image\",\"className\":\"is-resized\"} -->\n<div class=\"wp-block-media-text is-stacked-on-mobile is-resized\"><figure class=\"wp-block-media-text__media\"><img src=\"https:\/\/kortunal.com\/wp-content\/uploads\/2023\/01\/0175_fot.Rekografia-1024x683.jpg\" alt=\"\" class=\"wp-image-49203 size-full\"\/><\/figure><div class=\"wp-block-media-text__content\"><!-- wp:paragraph {\"placeholder\":\"Tre\u015b\u0107\u2026\"} -->\n<p>Wybieraj\u0105c ob\u00f3z Urwis warto pami\u0119ta\u0107 o kilku wa\u017cnych rzeczach.<\/p>\n<!-- \/wp:paragraph -->\n\n<!-- wp:paragraph {\"textColor\":\"vivid-red\",\"fontSize\":\"medium\"} -->\n<p class=\"has-vivid-red-color has-text-color has-medium-font-size\"><strong>BEZ RODZIC\u00d3W! <\/strong><\/p>\n<!-- \/wp:paragraph -->\n\n<!-- wp:paragraph {\"placeholder\":\"Tre\u015b\u0107\u2026\"} -->\n<p>7 dni turnusu to jednak jest tydzie\u0144 roz\u0142\u0105ki z rodzicami. Dzieci, kt\u00f3re nie s\u0105 gotowe na taki wyjazd, kt\u00f3re nie potrafi\u0105 samodzielnie wykonywa\u0107 podstawowych czynno\u015bci, takich jak umycie si\u0119 czy zmiana ubrania, nie powinny jednak na taki ob\u00f3z jecha\u0107. Nasi wychowawcy b\u0119d\u0105 blisko Uczestnik\u00f3w, b\u0119d\u0105 si\u0119 opiekowa\u0107 i pomaga\u0107 im we wszystkim, ale nie mog\u0105 ich wyr\u0119cza\u0107 w sferze prywatnej.<\/p>\n<!-- \/wp:paragraph --><\/div><\/div>\n<!-- \/wp:media-text -->\n\n<!-- wp:heading {\"textColor\":\"vivid-red\",\"fontSize\":\"medium\"} -->\n<h2 class=\"wp-block-heading has-vivid-red-color has-text-color has-medium-font-size\"><strong>BEZ  WYG\u00d3D!<\/strong><\/h2>\n<!-- \/wp:heading -->\n\n<!-- wp:paragraph {\"textColor\":\"vivid-red\"} -->\n<p class=\"has-vivid-red-color has-text-color\">Zanim wybierzecie \"URWISA\", koniecznie przeczytajcie o warunkach pobytu w Warowni! Nie mamy \u0142azienek w pokojach, \u0142\u00f3\u017cka s\u0105 pi\u0119trowe i \u015bpi si\u0119 w \u015bpiworach. W nocy oko\u0142o godziny wartujemy przy ognisku. A do tego na obiad nie b\u0119dzie raczej pizzy... <br>Je\u015bli te elementy maj\u0105 przy\u0107mi\u0107 dobr\u0105 zabaw\u0119 naszego Urwisa, to lepiej wybra\u0107 inn\u0105 bajk\u0119. <\/p>\n<!-- \/wp:paragraph -->\n\n<!-- wp:heading {\"textColor\":\"vivid-red\",\"fontSize\":\"medium\"} -->\n<h2 class=\"wp-block-heading has-vivid-red-color has-text-color has-medium-font-size\"><strong>BEZ TELEFON\u00d3W!  <\/strong><\/h2>\n<!-- \/wp:heading -->\n\n<!-- wp:paragraph {\"textColor\":\"vivid-red\"} -->\n<p class=\"has-vivid-red-color has-text-color\">Po wielu latach wreszcie podj\u0119li\u015bmy bardzo powa\u017cn\u0105 decyzj\u0119 - uczestnicy URWISA bawi\u0105 si\u0119 bez telefon\u00f3w. Elektronik\u0119 deponujemy u wychowawc\u00f3w i raz dziennie obowi\u0105zkowo wyznaczamy czas na telefon do domu. <br>Dlaczego? <br>Ostatni rok, poprzedzony okresem zdalnej nauki, ujawni\u0142 wiele nowych problem\u00f3w. Telefon stanowczo zbyt cz\u0119sto stanowi g\u0142\u00f3wne narz\u0119dzie komunikacji i zbyt cz\u0119sto zast\u0119puje rozmow\u0119 z drugim cz\u0142owiekiem, tak z koleg\u0105, jak i z wychowawc\u0105. Zbyt cz\u0119sto te\u017c, zamiast pozwala\u0107 na z\u0142agodzenie t\u0119sknoty za domem, zwi\u0119ksza j\u0105 i to spiralnie. <\/p>\n<!-- \/wp:paragraph -->\n\n<!-- wp:heading {\"textColor\":\"vivid-red\",\"fontSize\":\"medium\"} -->\n<h2 class=\"wp-block-heading has-vivid-red-color has-text-color has-medium-font-size\"><strong>BEZ KOMUNIKACJI... TO SI\u0118 NIE UDA! <\/strong><\/h2>\n<!-- \/wp:heading -->\n\n<!-- wp:paragraph {\"textColor\":\"vivid-red\"} -->\n<p class=\"has-vivid-red-color has-text-color\">Tutaj, na obozie, dla naszych Urwis\u00f3w jeste\u015bmy jedynymi opiekunami, ale przecie\u017c ob\u00f3z to tylko epizod w ich \u017cyciu. Zanim m\u0142odzi nam zaufaj\u0105, potrzebujemy wiedzy o nich i ich problemach, wiedzy, kt\u00f3r\u0105 podziel\u0105 si\u0119 tylko z Wami, z ukochanymi Rodzicami. Bez Waszej pomocy i wsp\u00f3\u0142pracy ci\u0119\u017cko nam b\u0119dzie zwalczy\u0107 t\u0119sknot\u0119, nie\u015bmia\u0142o\u015b\u0107, osamotnienie, a nawet tak banalne problemy, jak brak \u0142y\u017cki do zupy... To nasz ma\u0142y apel - Rodzice, pom\u00f3\u017ccie nam w tym zadaniu i m\u00f3wcie o problemach, jakie na obozie maj\u0105 Wasze pociechy!  <strong>Je\u015bli o czym\u015b nie wiemy, to nie mo\u017cemy pom\u00f3c.<\/strong><\/p>\n<!-- \/wp:paragraph -->\n\n<!-- wp:paragraph -->\n<p>Na zako\u0144czenie - je\u015bli chcecie pozna\u0107 dodatkow\u0105 porcj\u0119 porad w temacie Urwisowych t\u0119sknot - zapraszamy do naszego artyku\u0142u:<\/p>\n<!-- \/wp:paragraph -->\n\n<!-- wp:embed {\"url\":\"https:\/\/kortunal.com\/index.php\/2023\/02\/21\/urwisowa-tesknota-czyli-rodzicu-wytrzymaj\",\"type\":\"wp-embed\",\"providerNameSlug\":\"kortunal\"} -->\n<figure class=\"wp-block-embed is-type-wp-embed is-provider-kortunal wp-block-embed-kortunal\"><div class=\"wp-block-embed__wrapper\">\nhttps:\/\/kortunal.com\/index.php\/2023\/02\/21\/urwisowa-tesknota-czyli-rodzicu-wytrzymaj\n<\/div><\/figure>\n<!-- \/wp:embed -->\n\n<!-- wp:paragraph -->\n<p>I na koniec - drodzy Rodzice, je\u015bli macie jakie\u015b pytania, potrzebujecie porad albo bardziej szczeg\u00f3\u0142owych informacji - zapraszamy serdecznie do kontaktu z nami:<\/p>\n<!-- \/wp:paragraph -->\n\n<!-- wp:media-text {\"align\":\"wide\",\"mediaId\":49296,\"mediaType\":\"image\",\"mediaWidth\":16} -->\n<div class=\"wp-block-media-text alignwide is-stacked-on-mobile\" style=\"grid-template-columns:16% auto\"><figure class=\"wp-block-media-text__media\"><img src=\"https:\/\/kortunal.com\/wp-content\/uploads\/2023\/02\/image.png\" alt=\"\" class=\"wp-image-49296 size-full\"\/><\/figure><div class=\"wp-block-media-text__content\"><!-- wp:paragraph {\"placeholder\":\"Tre\u015b\u0107...\",\"fontSize\":\"x-large\"} -->\n<p class=\"has-x-large-font-size\"><strong>rezerwacja@silberberg.pl<\/strong><\/p>\n<!-- \/wp:paragraph --><\/div><\/div>\n<!-- \/wp:media-text -->","_et_gb_content_width":"","footnotes":""},"categories":[12,10],"tags":[],"class_list":["post-48022","post","type-post","status-publish","format-standard","has-post-thumbnail","hentry","category-dla-rodzicow","category-obozy-larpowe"],"yoast_head":"<!-- This site is optimized with the Yoast SEO plugin v27.5 - https:\/\/yoast.com\/product\/yoast-seo-wordpress\/ -->\n<title>Ob\u00f3z larpowy dla najm\u0142odszych - SILBERBERG URWIS - Kortunal<\/title>\n<meta name=\"description\" content=\"Wszystko o URWISIE - Silberberg Urwis to ob\u00f3z larpowy dla najm\u0142odszych uczestnik\u00f3w.\" \/>\n<meta name=\"robots\" content=\"index, follow, max-snippet:-1, max-image-preview:large, max-video-preview:-1\" \/>\n<link rel=\"canonical\" href=\"https:\/\/kortunal.com\/index.php\/2019\/12\/31\/oboz-larpowy-dla-najmlodszych\/\" \/>\n<meta property=\"og:locale\" content=\"pl_PL\" \/>\n<meta property=\"og:type\" content=\"article\" \/>\n<meta property=\"og:title\" content=\"Ob\u00f3z larpowy dla najm\u0142odszych - SILBERBERG URWIS - Kortunal\" \/>\n<meta property=\"og:description\" content=\"Wszystko o URWISIE - Silberberg Urwis to ob\u00f3z larpowy dla najm\u0142odszych uczestnik\u00f3w.\" \/>\n<meta property=\"og:url\" content=\"https:\/\/kortunal.com\/index.php\/2019\/12\/31\/oboz-larpowy-dla-najmlodszych\/\" \/>\n<meta property=\"og:site_name\" content=\"Kortunal\" \/>\n<meta property=\"article:published_time\" content=\"2019-12-31T10:25:39+00:00\" \/>\n<meta property=\"article:modified_time\" content=\"2025-12-30T13:32:15+00:00\" \/>\n<meta property=\"og:image\" content=\"https:\/\/kortunal.com\/wp-content\/uploads\/2023\/02\/0070_fot.Rekografia.jpg\" \/>\n\t<meta property=\"og:image:width\" content=\"1200\" \/>\n\t<meta property=\"og:image:height\" content=\"800\" \/>\n\t<meta property=\"og:image:type\" content=\"image\/jpeg\" \/>\n<meta name=\"author\" content=\"kichu\" \/>\n<meta name=\"twitter:card\" content=\"summary_large_image\" \/>\n<meta name=\"twitter:label1\" content=\"Napisane przez\" \/>\n\t<meta name=\"twitter:data1\" content=\"kichu\" \/>\n\t<meta name=\"twitter:label2\" content=\"Szacowany czas czytania\" \/>\n\t<meta name=\"twitter:data2\" content=\"8 minut\" \/>\n<script type=\"application\/ld+json\" class=\"yoast-schema-graph\">{\"@context\":\"https:\\\/\\\/schema.org\",\"@graph\":[{\"@type\":\"Article\",\"@id\":\"https:\\\/\\\/kortunal.com\\\/index.php\\\/2019\\\/12\\\/31\\\/oboz-larpowy-dla-najmlodszych\\\/#article\",\"isPartOf\":{\"@id\":\"https:\\\/\\\/kortunal.com\\\/index.php\\\/2019\\\/12\\\/31\\\/oboz-larpowy-dla-najmlodszych\\\/\"},\"author\":{\"name\":\"kichu\",\"@id\":\"https:\\\/\\\/kortunal.com\\\/#\\\/schema\\\/person\\\/7d9727324e3c4bf6b2a051944ec61a75\"},\"headline\":\"Ob\u00f3z larpowy dla najm\u0142odszych &#8211; SILBERBERG URWIS\",\"datePublished\":\"2019-12-31T10:25:39+00:00\",\"dateModified\":\"2025-12-30T13:32:15+00:00\",\"mainEntityOfPage\":{\"@id\":\"https:\\\/\\\/kortunal.com\\\/index.php\\\/2019\\\/12\\\/31\\\/oboz-larpowy-dla-najmlodszych\\\/\"},\"wordCount\":1514,\"commentCount\":0,\"image\":{\"@id\":\"https:\\\/\\\/kortunal.com\\\/index.php\\\/2019\\\/12\\\/31\\\/oboz-larpowy-dla-najmlodszych\\\/#primaryimage\"},\"thumbnailUrl\":\"https:\\\/\\\/kortunal.com\\\/wp-content\\\/uploads\\\/2023\\\/02\\\/0070_fot.Rekografia.jpg\",\"articleSection\":[\"Dla rodzic\u00f3w\",\"Obozy larpowe\"],\"inLanguage\":\"pl-PL\",\"potentialAction\":[{\"@type\":\"CommentAction\",\"name\":\"Comment\",\"target\":[\"https:\\\/\\\/kortunal.com\\\/index.php\\\/2019\\\/12\\\/31\\\/oboz-larpowy-dla-najmlodszych\\\/#respond\"]}]},{\"@type\":\"WebPage\",\"@id\":\"https:\\\/\\\/kortunal.com\\\/index.php\\\/2019\\\/12\\\/31\\\/oboz-larpowy-dla-najmlodszych\\\/\",\"url\":\"https:\\\/\\\/kortunal.com\\\/index.php\\\/2019\\\/12\\\/31\\\/oboz-larpowy-dla-najmlodszych\\\/\",\"name\":\"Ob\u00f3z larpowy dla najm\u0142odszych - SILBERBERG URWIS - Kortunal\",\"isPartOf\":{\"@id\":\"https:\\\/\\\/kortunal.com\\\/#website\"},\"primaryImageOfPage\":{\"@id\":\"https:\\\/\\\/kortunal.com\\\/index.php\\\/2019\\\/12\\\/31\\\/oboz-larpowy-dla-najmlodszych\\\/#primaryimage\"},\"image\":{\"@id\":\"https:\\\/\\\/kortunal.com\\\/index.php\\\/2019\\\/12\\\/31\\\/oboz-larpowy-dla-najmlodszych\\\/#primaryimage\"},\"thumbnailUrl\":\"https:\\\/\\\/kortunal.com\\\/wp-content\\\/uploads\\\/2023\\\/02\\\/0070_fot.Rekografia.jpg\",\"datePublished\":\"2019-12-31T10:25:39+00:00\",\"dateModified\":\"2025-12-30T13:32:15+00:00\",\"author\":{\"@id\":\"https:\\\/\\\/kortunal.com\\\/#\\\/schema\\\/person\\\/7d9727324e3c4bf6b2a051944ec61a75\"},\"description\":\"Wszystko o URWISIE - Silberberg Urwis to ob\u00f3z larpowy dla najm\u0142odszych uczestnik\u00f3w.\",\"breadcrumb\":{\"@id\":\"https:\\\/\\\/kortunal.com\\\/index.php\\\/2019\\\/12\\\/31\\\/oboz-larpowy-dla-najmlodszych\\\/#breadcrumb\"},\"inLanguage\":\"pl-PL\",\"potentialAction\":[{\"@type\":\"ReadAction\",\"target\":[\"https:\\\/\\\/kortunal.com\\\/index.php\\\/2019\\\/12\\\/31\\\/oboz-larpowy-dla-najmlodszych\\\/\"]}]},{\"@type\":\"ImageObject\",\"inLanguage\":\"pl-PL\",\"@id\":\"https:\\\/\\\/kortunal.com\\\/index.php\\\/2019\\\/12\\\/31\\\/oboz-larpowy-dla-najmlodszych\\\/#primaryimage\",\"url\":\"https:\\\/\\\/kortunal.com\\\/wp-content\\\/uploads\\\/2023\\\/02\\\/0070_fot.Rekografia.jpg\",\"contentUrl\":\"https:\\\/\\\/kortunal.com\\\/wp-content\\\/uploads\\\/2023\\\/02\\\/0070_fot.Rekografia.jpg\",\"width\":1200,\"height\":800},{\"@type\":\"BreadcrumbList\",\"@id\":\"https:\\\/\\\/kortunal.com\\\/index.php\\\/2019\\\/12\\\/31\\\/oboz-larpowy-dla-najmlodszych\\\/#breadcrumb\",\"itemListElement\":[{\"@type\":\"ListItem\",\"position\":1,\"name\":\"Strona g\u0142\u00f3wna\",\"item\":\"https:\\\/\\\/kortunal.com\\\/\"},{\"@type\":\"ListItem\",\"position\":2,\"name\":\"Ob\u00f3z larpowy dla najm\u0142odszych &#8211; SILBERBERG URWIS\"}]},{\"@type\":\"WebSite\",\"@id\":\"https:\\\/\\\/kortunal.com\\\/#website\",\"url\":\"https:\\\/\\\/kortunal.com\\\/\",\"name\":\"Kortunal\",\"description\":\"Obozy i wycieczki pe\u0142ne przyg\u00f3d.\",\"potentialAction\":[{\"@type\":\"SearchAction\",\"target\":{\"@type\":\"EntryPoint\",\"urlTemplate\":\"https:\\\/\\\/kortunal.com\\\/?s={search_term_string}\"},\"query-input\":{\"@type\":\"PropertyValueSpecification\",\"valueRequired\":true,\"valueName\":\"search_term_string\"}}],\"inLanguage\":\"pl-PL\"},{\"@type\":\"Person\",\"@id\":\"https:\\\/\\\/kortunal.com\\\/#\\\/schema\\\/person\\\/7d9727324e3c4bf6b2a051944ec61a75\",\"name\":\"kichu\",\"image\":{\"@type\":\"ImageObject\",\"inLanguage\":\"pl-PL\",\"@id\":\"https:\\\/\\\/secure.gravatar.com\\\/avatar\\\/c37186a4a2edc0f7d7b31b24d61eeb2e566e8e01927137ad424511b41837349f?s=96&d=mm&r=g\",\"url\":\"https:\\\/\\\/secure.gravatar.com\\\/avatar\\\/c37186a4a2edc0f7d7b31b24d61eeb2e566e8e01927137ad424511b41837349f?s=96&d=mm&r=g\",\"contentUrl\":\"https:\\\/\\\/secure.gravatar.com\\\/avatar\\\/c37186a4a2edc0f7d7b31b24d61eeb2e566e8e01927137ad424511b41837349f?s=96&d=mm&r=g\",\"caption\":\"kichu\"},\"url\":\"https:\\\/\\\/kortunal.com\\\/index.php\\\/author\\\/kichu\\\/\"}]}<\/script>\n<!-- \/ Yoast SEO plugin. -->","yoast_head_json":{"title":"Ob\u00f3z larpowy dla najm\u0142odszych - SILBERBERG URWIS - Kortunal","description":"Wszystko o URWISIE - Silberberg Urwis to ob\u00f3z larpowy dla najm\u0142odszych uczestnik\u00f3w.","robots":{"index":"index","follow":"follow","max-snippet":"max-snippet:-1","max-image-preview":"max-image-preview:large","max-video-preview":"max-video-preview:-1"},"canonical":"https:\/\/kortunal.com\/index.php\/2019\/12\/31\/oboz-larpowy-dla-najmlodszych\/","og_locale":"pl_PL","og_type":"article","og_title":"Ob\u00f3z larpowy dla najm\u0142odszych - SILBERBERG URWIS - Kortunal","og_description":"Wszystko o URWISIE - Silberberg Urwis to ob\u00f3z larpowy dla najm\u0142odszych uczestnik\u00f3w.","og_url":"https:\/\/kortunal.com\/index.php\/2019\/12\/31\/oboz-larpowy-dla-najmlodszych\/","og_site_name":"Kortunal","article_published_time":"2019-12-31T10:25:39+00:00","article_modified_time":"2025-12-30T13:32:15+00:00","og_image":[{"width":1200,"height":800,"url":"https:\/\/kortunal.com\/wp-content\/uploads\/2023\/02\/0070_fot.Rekografia.jpg","type":"image\/jpeg"}],"author":"kichu","twitter_card":"summary_large_image","twitter_misc":{"Napisane przez":"kichu","Szacowany czas czytania":"8 minut"},"schema":{"@context":"https:\/\/schema.org","@graph":[{"@type":"Article","@id":"https:\/\/kortunal.com\/index.php\/2019\/12\/31\/oboz-larpowy-dla-najmlodszych\/#article","isPartOf":{"@id":"https:\/\/kortunal.com\/index.php\/2019\/12\/31\/oboz-larpowy-dla-najmlodszych\/"},"author":{"name":"kichu","@id":"https:\/\/kortunal.com\/#\/schema\/person\/7d9727324e3c4bf6b2a051944ec61a75"},"headline":"Ob\u00f3z larpowy dla najm\u0142odszych &#8211; SILBERBERG URWIS","datePublished":"2019-12-31T10:25:39+00:00","dateModified":"2025-12-30T13:32:15+00:00","mainEntityOfPage":{"@id":"https:\/\/kortunal.com\/index.php\/2019\/12\/31\/oboz-larpowy-dla-najmlodszych\/"},"wordCount":1514,"commentCount":0,"image":{"@id":"https:\/\/kortunal.com\/index.php\/2019\/12\/31\/oboz-larpowy-dla-najmlodszych\/#primaryimage"},"thumbnailUrl":"https:\/\/kortunal.com\/wp-content\/uploads\/2023\/02\/0070_fot.Rekografia.jpg","articleSection":["Dla rodzic\u00f3w","Obozy larpowe"],"inLanguage":"pl-PL","potentialAction":[{"@type":"CommentAction","name":"Comment","target":["https:\/\/kortunal.com\/index.php\/2019\/12\/31\/oboz-larpowy-dla-najmlodszych\/#respond"]}]},{"@type":"WebPage","@id":"https:\/\/kortunal.com\/index.php\/2019\/12\/31\/oboz-larpowy-dla-najmlodszych\/","url":"https:\/\/kortunal.com\/index.php\/2019\/12\/31\/oboz-larpowy-dla-najmlodszych\/","name":"Ob\u00f3z larpowy dla najm\u0142odszych - SILBERBERG URWIS - Kortunal","isPartOf":{"@id":"https:\/\/kortunal.com\/#website"},"primaryImageOfPage":{"@id":"https:\/\/kortunal.com\/index.php\/2019\/12\/31\/oboz-larpowy-dla-najmlodszych\/#primaryimage"},"image":{"@id":"https:\/\/kortunal.com\/index.php\/2019\/12\/31\/oboz-larpowy-dla-najmlodszych\/#primaryimage"},"thumbnailUrl":"https:\/\/kortunal.com\/wp-content\/uploads\/2023\/02\/0070_fot.Rekografia.jpg","datePublished":"2019-12-31T10:25:39+00:00","dateModified":"2025-12-30T13:32:15+00:00","author":{"@id":"https:\/\/kortunal.com\/#\/schema\/person\/7d9727324e3c4bf6b2a051944ec61a75"},"description":"Wszystko o URWISIE - Silberberg Urwis to ob\u00f3z larpowy dla najm\u0142odszych uczestnik\u00f3w.","breadcrumb":{"@id":"https:\/\/kortunal.com\/index.php\/2019\/12\/31\/oboz-larpowy-dla-najmlodszych\/#breadcrumb"},"inLanguage":"pl-PL","potentialAction":[{"@type":"ReadAction","target":["https:\/\/kortunal.com\/index.php\/2019\/12\/31\/oboz-larpowy-dla-najmlodszych\/"]}]},{"@type":"ImageObject","inLanguage":"pl-PL","@id":"https:\/\/kortunal.com\/index.php\/2019\/12\/31\/oboz-larpowy-dla-najmlodszych\/#primaryimage","url":"https:\/\/kortunal.com\/wp-content\/uploads\/2023\/02\/0070_fot.Rekografia.jpg","contentUrl":"https:\/\/kortunal.com\/wp-content\/uploads\/2023\/02\/0070_fot.Rekografia.jpg","width":1200,"height":800},{"@type":"BreadcrumbList","@id":"https:\/\/kortunal.com\/index.php\/2019\/12\/31\/oboz-larpowy-dla-najmlodszych\/#breadcrumb","itemListElement":[{"@type":"ListItem","position":1,"name":"Strona g\u0142\u00f3wna","item":"https:\/\/kortunal.com\/"},{"@type":"ListItem","position":2,"name":"Ob\u00f3z larpowy dla najm\u0142odszych &#8211; SILBERBERG URWIS"}]},{"@type":"WebSite","@id":"https:\/\/kortunal.com\/#website","url":"https:\/\/kortunal.com\/","name":"Kortunal","description":"Obozy i wycieczki pe\u0142ne przyg\u00f3d.","potentialAction":[{"@type":"SearchAction","target":{"@type":"EntryPoint","urlTemplate":"https:\/\/kortunal.com\/?s={search_term_string}"},"query-input":{"@type":"PropertyValueSpecification","valueRequired":true,"valueName":"search_term_string"}}],"inLanguage":"pl-PL"},{"@type":"Person","@id":"https:\/\/kortunal.com\/#\/schema\/person\/7d9727324e3c4bf6b2a051944ec61a75","name":"kichu","image":{"@type":"ImageObject","inLanguage":"pl-PL","@id":"https:\/\/secure.gravatar.com\/avatar\/c37186a4a2edc0f7d7b31b24d61eeb2e566e8e01927137ad424511b41837349f?s=96&d=mm&r=g","url":"https:\/\/secure.gravatar.com\/avatar\/c37186a4a2edc0f7d7b31b24d61eeb2e566e8e01927137ad424511b41837349f?s=96&d=mm&r=g","contentUrl":"https:\/\/secure.gravatar.com\/avatar\/c37186a4a2edc0f7d7b31b24d61eeb2e566e8e01927137ad424511b41837349f?s=96&d=mm&r=g","caption":"kichu"},"url":"https:\/\/kortunal.com\/index.php\/author\/kichu\/"}]}},"_links":{"self":[{"href":"https:\/\/kortunal.com\/index.php\/wp-json\/wp\/v2\/posts\/48022","targetHints":{"allow":["GET"]}}],"collection":[{"href":"https:\/\/kortunal.com\/index.php\/wp-json\/wp\/v2\/posts"}],"about":[{"href":"https:\/\/kortunal.com\/index.php\/wp-json\/wp\/v2\/types\/post"}],"author":[{"embeddable":true,"href":"https:\/\/kortunal.com\/index.php\/wp-json\/wp\/v2\/users\/1"}],"replies":[{"embeddable":true,"href":"https:\/\/kortunal.com\/index.php\/wp-json\/wp\/v2\/comments?post=48022"}],"version-history":[{"count":22,"href":"https:\/\/kortunal.com\/index.php\/wp-json\/wp\/v2\/posts\/48022\/revisions"}],"predecessor-version":[{"id":50714,"href":"https:\/\/kortunal.com\/index.php\/wp-json\/wp\/v2\/posts\/48022\/revisions\/50714"}],"wp:featuredmedia":[{"embeddable":true,"href":"https:\/\/kortunal.com\/index.php\/wp-json\/wp\/v2\/media\/49288"}],"wp:attachment":[{"href":"https:\/\/kortunal.com\/index.php\/wp-json\/wp\/v2\/media?parent=48022"}],"wp:term":[{"taxonomy":"category","embeddable":true,"href":"https:\/\/kortunal.com\/index.php\/wp-json\/wp\/v2\/categories?post=48022"},{"taxonomy":"post_tag","embeddable":true,"href":"https:\/\/kortunal.com\/index.php\/wp-json\/wp\/v2\/tags?post=48022"}],"curies":[{"name":"wp","href":"https:\/\/api.w.org\/{rel}","templated":true}]}}