{"id":48033,"date":"2019-12-31T11:39:50","date_gmt":"2019-12-31T10:39:50","guid":{"rendered":"http:\/\/kortunal.com\/?p=48033"},"modified":"2025-12-30T14:21:59","modified_gmt":"2025-12-30T13:21:59","slug":"co-zabrac-w-gory","status":"publish","type":"post","link":"https:\/\/kortunal.com\/index.php\/2019\/12\/31\/co-zabrac-w-gory\/","title":{"rendered":"NIEZB\u0118DNIK"},"content":{"rendered":"\n<p>Zastanawiasz si\u0119 co zabra\u0107 ze sob\u0105 w g\u00f3ry? <strong>Wszystkich wybieraj\u0105cych si\u0119 do <a href=\"https:\/\/meteor-turystyka.pl\/warownia-srebrna-gora,srebrna-gora.html\">Warowni<\/a>  zach\u0119camy do przeczytania tej zak\u0142adki. Znajdziecie tu kilka praktycznych informacji \ud83d\ude42 <\/strong><\/p>\n\n\n\n<p class=\"has-text-align-center has-large-font-size\">Co zabra\u0107 ze sob\u0105?<\/p>\n\n\n\n<div class=\"wp-block-buttons is-layout-flex wp-block-buttons-is-layout-flex\">\n<div class=\"wp-block-button\"><a class=\"wp-block-button__link has-white-color has-text-color has-background has-link-color wp-element-button\" href=\"#nocleg\" style=\"background-color:#4d5734\"><mark style=\"background-color:rgba(0, 0, 0, 0)\" class=\"has-inline-color has-white-color\">NA NOCLEG<\/mark><\/a><\/div>\n\n\n\n<div class=\"wp-block-button\"><a class=\"wp-block-button__link has-white-color has-text-color has-background has-link-color wp-element-button\" href=\"#wycieczka\" style=\"background-color:#4d5734\"><mark style=\"background-color:rgba(0, 0, 0, 0)\" class=\"has-inline-color has-white-color\">NA WYCIECZK\u0118<\/mark><\/a><\/div>\n\n\n\n<div class=\"wp-block-button\"><a class=\"wp-block-button__link has-white-color has-text-color has-background has-link-color wp-element-button\" href=\"#oboz\" style=\"background-color:#4d5734\"><mark style=\"background-color:rgba(0, 0, 0, 0)\" class=\"has-inline-color has-white-color\">NA OB\u00d3Z SILBERBERG<\/mark><\/a><\/div>\n\n\n\n<div class=\"wp-block-button\"><a class=\"wp-block-button__link has-white-color has-text-color has-background has-link-color wp-element-button\" href=\"#dojazd\" style=\"background-color:#4d5734\"><mark style=\"background-color:rgba(0, 0, 0, 0)\" class=\"has-inline-color has-white-color\">DOJAZD<\/mark><\/a><\/div>\n\n\n\n<div class=\"wp-block-button\"><a class=\"wp-block-button__link has-white-color has-text-color has-background has-link-color wp-element-button\" href=\"#nie\" style=\"background-color:#4d5734\"><mark style=\"background-color:rgba(0, 0, 0, 0)\" class=\"has-inline-color has-white-color\">CZEGO NIE BRA\u0106<\/mark><\/a><\/div>\n<\/div>\n\n\n\n<h2 class=\"wp-block-heading has-large-font-size\"> <strong><a name=\"nocleg\">NOCLEGI:<\/a><\/strong><\/h2>\n\n\n\n<p><strong>PRZYJAZD<\/strong><br>\u2705 Przy przyje\u017adzie prosimy kontaktowa\u0107 si\u0119 na numer 604522055 (Pawe\u0142 \u0141oza). Je\u015bli wcze\u015bniej Pa\u0144stwo tego nie podawali\u015bcie, b\u0119dziemy wdzi\u0119czni za kr\u00f3tk\u0105 informacj\u0119 co do orientacyjnej godziny Pa\u0144stwa przybycia (mo\u017ce by\u0107 sms) oraz<strong> kontakt telefoniczny do Pa\u0144stwa<\/strong>.<br><br>\u2705 Nie posiadamy w\u0142asnego parkingu \u2013 samoch\u00f3d mo\u017cna zostawi\u0107 na poboczu drogi dojazdowej do Warowni (ul. Warowna).<br><br>\u2705 Szukaj\u0105c drogi mo\u017cecie nas znale\u017a\u0107 na mapie Google \u2013 wpiszcie \u201eWarownia Srebrna G\u00f3ra\u201d.<br>Link do lokalizacji: <a href=\"https:\/\/maps.app.goo.gl\/oRtVtwHDqAqHcy2G7\">WAROWNIA W GOOGLE MAPS<\/a><br><br><strong>NOCLEGI:<\/strong><br>\u2705 Pami\u0119tajcie, \u017ce Warownia nie jest hotelem, a raczej g\u00f3rsk\u0105 baz\u0105 noclegow\u0105. Dok\u0142adne informacje o obiekcie oraz zdj\u0119cia znajdziecie Pa\u0144stwo tutaj:&nbsp; <a href=\"https:\/\/kortunal.com\/index.php\/noclegi-i-imprezy-w-warowni\/\">NOCLEGI I IMPREZY W WAROWNI<\/a><br>Je\u015bli nie zrobili\u015bcie tego wcze\u015bniej, sprawd\u017acie koniecznie warunki pobytu u nas!<br><br>\u2705&nbsp;Od tego roku Warownia oferuje nocleg z po\u015bciel\u0105, nie ma ju\u017c wi\u0119c potrzeby zabiera\u0107 \u015bpiwor\u00f3w. Do dyspozycji naszych go\u015bci s\u0105 tak\u017ce r\u0119czniki. Mo\u017cna r\u00f3wnie\u017c wypo\u017cyczy\u0107 dodatkowy koc (popro\u015bcie osob\u0119 obs\u0142uguj\u0105c\u0105 w bufecie o wydanie koca do pokoju). &nbsp;<br><br>\u2705 Psy s\u0105 mile widzianymi go\u015b\u0107mi w Warowni. Ka\u017cdy psiak dostaje u nas legowisko i misk\u0119 w domku, w kt\u00f3rym nocuje, prosimy tylko o wcze\u015bniejsz\u0105 informacj\u0119, jakiego rozmiaru legowisko przygotowa\u0107.<br>Bardzo prosimy o sms (604522055) przy wchodzeniu na teren, \u017ceby\u015bmy zd\u0105\u017cyli zabra\u0107 nasze warowniowe psiaki.<br>W czasie pobytu w Warowni prosimy, aby pies by\u0142 na smyczy \u2013 ze wzgl\u0119du&nbsp; na komfort innych go\u015bci.<br><br>\u2705 Prosimy, aby w czasie pobytu nie wynosi\u0107 z pokoju \u017cadnych sprz\u0119t\u00f3w (koc\u00f3w, \u0142awek itp), a je\u015bli macie Pa\u0144stwo ze sob\u0105 rowery \u2013 prosimy, aby nie wstawia\u0107 ich do pokoju ze wzgl\u0119du na ryzyko uszkodzenia drewnianej pod\u0142ogi.<br><br>\u2705 Doba hotelowa zaczyna si\u0119 o godzinie 15:00 i ko\u0144czy si\u0119 o godzinie 11:00.<br><br><strong>POSI\u0141KI I HALLA<\/strong><br>\u2705 Halla jest czynna w godzinach 9:00 \u201321:00. \u015aniadania wydajemy od godziny 9:00.&nbsp;<\/p>\n\n\n\n<p>\u2705&nbsp;NACZYNIA<br>&nbsp;Je\u015bli macie Pa\u0144stwo zam\u00f3wione posi\u0142ki, w\u0142asne naczynia nie s\u0105 konieczne \u2013 naczynia jednorazowe b\u0119d\u0105 udost\u0119pniane przy posi\u0142ku. Naczynia znajduj\u0105 si\u0119 r\u00f3wnie\u017c w aneksach kuchennych w chatkach (w izbach niestety nie).&nbsp;<\/p>\n\n\n\n<p>\u2705&nbsp;W chatkach i izbach s\u0105 do dyspozycji czajniki oraz kubeczki.&nbsp;<\/p>\n\n\n\n<p>\u2705&nbsp;LOD\u00d3WKA jest do dyspozycji w ka\u017cdym aneksie kuchennym w chatkach, nie ma ich niestety w izbach &#8211; je\u015bli potrzebujesz umie\u015bci\u0107 produkty w lod\u00f3wce, mo\u017cna poprosi\u0107 o to obs\u0142ug\u0119 w halli.&nbsp;<\/p>\n\n\n\n<p>\u2705 Je\u017celi nie zarezerwowali\u015bcie Pa\u0144stwo posi\u0142k\u00f3w, a jeste\u015bcie nimi zainteresowani, prosimy o uprzedzenie nas koniecznie mo\u017cliwie szybko! S\u0105 dost\u0119pne \u015bniadania i kolacje w formie bufetu kanapkowego oraz obiady cateringowe dla wi\u0119kszych grup.<br>Zwracamy uwag\u0119, \u017ce rezygnacja z wcze\u015bniej zam\u00f3wionych \u015bwiadcze\u0144 (noclegu czy posi\u0142ku) w dniu przyjazdu wi\u0105\u017ce si\u0119 z poniesieniem ich koszt\u00f3w \u2013 prosimy o przemy\u015blane zam\u00f3wienia.<br><\/p>\n\n\n\n<p>\u2705Dodatkowo:&nbsp;<br>&nbsp;BUFET<br>&nbsp; &nbsp; W bufecie na bie\u017c\u0105co mo\u017cna zam\u00f3wi\u0107 ma\u0142e posi\u0142ki&nbsp; &#8211; kie\u0142baski z patelni, jajecznic\u0119, bigos itp., pe\u0142ne menu na dany dzie\u0144 jest dost\u0119pne na miejscu.<br>HERBACIARNIA<br>&nbsp; &nbsp; Zapraszamy r\u00f3wnie\u017c do naszej herbaciarni na dzbanek aromatycznej herbaty \u2013 zielona, pu-erh, czarna w kilku odmianach, serwowana ze s\u0142odkim pocz\u0119stunkiem.<br>PIWO RZEMIE\u015aLNICZE<br>&nbsp; &nbsp; Po przygodach na szlaku zapraszamy na znakomity z\u0142oty trunek z browaru Sowie z Bielawy (w trakcie wycieczek szkolnych alkohol nie jest dost\u0119pny).<br><br><strong>TEREN WAROWNI:<\/strong><br>\u2705 Prosimy pami\u0119ta\u0107, \u017ce na ca\u0142ym terenie obiektu obowi\u0105zuje ZAKAZ PALENIA, a budynki wyposa\u017cone s\u0105 w czujniki dymu. Miejsca wyznaczone do palenia wska\u017ce Pa\u0144stwu obs\u0142uga przy przyje\u017adzie. &nbsp;<br><br>\u2705 Na terenie Warowni s\u0105 wyznaczone miejsca ogniskowe, z kt\u00f3rych mo\u017cna samodzielnie i bezp\u0142atnie korzysta\u0107. Drewno (suche ga\u0142\u0119zie) jest do samodzielnego pozyskania w najbli\u017cszej okolicy.<br>Je\u015bli macie Pa\u0144stwo zam\u00f3wion\u0105 kolacj\u0119 ogniskow\u0105, ga\u0142\u0119zie na ognisko tak\u017ce trzeba zgromadzi\u0107 samodzielnie.<br><br><strong>ZAJ\u0118CIA:<\/strong><br>\u2705&nbsp;Je\u017celi macie Pa\u0144stwo zam\u00f3wione zaj\u0119cia, pami\u0119tajcie o wygodnej odzie\u017cy w teren i porz\u0105dnych butach.&nbsp;<br>Na strzelank\u0119 ASG \u2013 mog\u0105 si\u0119 przyda\u0107 w\u0142asne r\u0119kawice taktyczne (b\u0119d\u0105 udost\u0119pnione, ale czasem nie pasuje rozmiar).<br>Na nocne zaj\u0119cia \u2013 przyda si\u0119 latarka (wygodniejsza ni\u017c ta w telefonie).<br><br><strong>WA\u017bNE! STANDARDY ZACHOWANIA&nbsp;<\/strong><br>\u2705 Szanowni Go\u015bcie, pami\u0119tajcie, \u017ce Warownia le\u017cy na uboczu, ale s\u0105 tu tak\u017ce inni nocuj\u0105cy i s\u0105siedzi. Cisza nocna u nas nie musi by\u0107 drobiazgowo przestrzegana, ale prosimy o takie zachowanie, kt\u00f3re nie b\u0119dzie przeszkadza\u0107 innym.<br><br>\u2705 W zwi\u0105zku z powy\u017cszym prosimy, aby NIE WNOSI\u0106 do Warowni w\u0142asnego NAG\u0141O\u015aNIENIA.<br><br>\u2705 Je\u015bli inni go\u015bcie b\u0119d\u0105 zak\u0142\u00f3ca\u0107 Pa\u0144stwa wypoczynek w nocy, prosimy o kontakt z obs\u0142ug\u0105 Warowni.<br><br><strong>ROZLICZENIA<\/strong><br>\u2705Na miejscu mo\u017cliwe jest rozliczenie got\u00f3wk\u0105, kart\u0105 lub w formie przelewu on-line.<br>Z g\u00f3ry dzi\u0119kujemy!<br>Z g\u00f3ry dzi\u0119kujemy!<\/p>\n\n\n\n<div class=\"wp-block-buttons is-layout-flex wp-block-buttons-is-layout-flex\">\n<div class=\"wp-block-button\"><a class=\"wp-block-button__link has-very-dark-gray-color has-very-light-gray-background-color has-text-color has-background wp-element-button\" href=\"#\">powr\u00f3t<\/a><\/div>\n<\/div>\n\n\n\n<h2 class=\"wp-block-heading has-large-font-size\"><strong><a name=\"wycieczka\">WYCIECZKA LUB IMPREZA:<\/a><\/strong><\/h2>\n\n\n\n<ul class=\"wp-block-list\">\n<li>Od tego roku Warownia oferuje nocleg z po\u015bciel\u0105, nie ma ju\u017c wi\u0119c potrzeby zabiera\u0107 \u015bpiwor\u00f3w. Do dyspozycji naszych go\u015bci s\u0105 tak\u017ce r\u0119czniki. Mo\u017cna r\u00f3wnie\u017c wypo\u017cyczy\u0107 dodatkowy koc (popro\u015bcie osob\u0119 obs\u0142uguj\u0105c\u0105 w bufecie o wydanie koca do pokoju). &nbsp;<\/li>\n\n\n\n<li><strong>w\u0142asny kubek <\/strong>&#8211; przydaje si\u0119, bo jednorazowe wydawane przy posi\u0142kach nie zawsze wystarczaj\u0105.  <\/li>\n\n\n\n<li><strong>mena\u017cka lub miska i sztu\u0107ce <\/strong>\u2013 zapewniamy jednorazowe naczynia, ale mo\u017cna mie\u0107 swoje w\u0142asne. I bardziej ekologicznie!   <\/li>\n\n\n\n<li><strong>wygodne buty<\/strong>, najlepiej nad kostk\u0119, do wypraw w teren. Buty powinny mie\u0107 grub\u0105, porz\u0105dn\u0105 podeszw\u0119, uchroni\u0105 Was przed po\u015blizgiem i b\u00f3lem st\u00f3p, odbitych na kamienistych \u015bcie\u017ckach.  <\/li>\n\n\n\n<li><strong>buty typu trampki<\/strong> &#8211; do wspinaczki na \u015bciank\u0119 oraz do chodzenia po o\u015brodku. Do obydwu cel\u00f3w wystarcz\u0105 zwyk\u0142e hal\u00f3wki z mi\u0119kk\u0105 podeszw\u0105.  <\/li>\n\n\n\n<li><strong>okrycie przeciwdeszczowe <\/strong>&#8211; o ile kto\u015b nie jest odporny na deszcz, powinien je mie\u0107 ze sob\u0105. Pogoda u nas potrafi zmieni\u0107 si\u0119 bardzo szybko. Deszcz nie przeszkadza nam w prowadzeniu zaj\u0119\u0107, ale uczestnikom czasem sprawia dyskomfort \ud83d\ude42 <br>(W miar\u0119 mo\u017cliwo\u015bci, niech to nie b\u0119d\u0105 jednorazowe foliowe peleryny. Utrudniaj\u0105 poruszanie si\u0119, a w przypadku \u0142azikowania w terenie, po\u0142owa z nich zostaje na pierwszych napotkanych krzakach) <\/li>\n\n\n\n<li><strong>wygodne ubranie terenowe<\/strong>, kt\u00f3rego nie b\u0119dzie szkoda wybrudzi\u0107, a nawet uszkodzi\u0107 &#8211; niezale\u017cnie od wybranego pakietu zaj\u0119\u0107 mo\u017cecie si\u0119 spodziewa\u0107 bliskich spotka\u0144 z terenem, b\u0142otnistych \u015bcie\u017cek, zetkni\u0119cia z linami lub mokr\u0105 ska\u0142\u0105 przy wspinaczce. Zawsze mo\u017ce si\u0119 zdarzy\u0107 otarcie ubrania, zahaczenie lub wybrudzenie &#8211; lepiej niech nie spotka waszych najdro\u017cszych ciuch\u00f3w \ud83d\ude09 Zreszt\u0105, w g\u00f3rach liczy si\u0119 wygoda, a nie moda.  <br>Co polecamy?\n<ul class=\"wp-block-list\">\n<li>spodnie &#8211; idealne na tak\u0105 okazj\u0119 s\u0105 wszelkiej ma\u015bci boj\u00f3wki <\/li>\n\n\n\n<li>g\u00f3ra &#8211; na ch\u0142odne pory roku bielizna termoaktywna, lu\u017ana bluza, na wierzch kurtka typu softshell. Na cieplejsz\u0105 pogod\u0119 wystarcza zwyk\u0142y t-shirt. <\/li>\n<\/ul>\n<\/li>\n\n\n\n<li><strong>niewielk\u0105 butelk\u0119 z napojem<\/strong>, najlepiej wod\u0105 &#8211; wiadomo, zawsze lepiej mie\u0107 ze sob\u0105, tak, jak nag\u0142e za\u0142amania pogody, tak i upa\u0142y zdarzaj\u0105 si\u0119 podczas naszych zaj\u0119\u0107, zw\u0142aszcza w szczycie sezonu, maju i czerwcu. <\/li>\n\n\n\n<li><strong>termos lub kubek termiczny<\/strong> &#8211; przyda si\u0119 wieczorami oraz na wycieczkach w zimniejszych miesi\u0105cach. \u0141yk ciep\u0142ej herbaty czyni cuda nawet gdy dooko\u0142a wieje Z\u0141EM \ud83d\ude09<\/li>\n\n\n\n<li><strong>cieplejszy ciuch<\/strong> &#8211; na wypadek za\u0142amania pogody i na zimne wieczory, w zupe\u0142no\u015bci wystarczy polar lub sweter, chyba, \u017ce jedziecie na wycieczk\u0119 jesieni\u0105 lub zim\u0105, wtedy przyda si\u0119 te\u017c ciep\u0142a kurtka.  <\/li>\n\n\n\n<li><strong>latark\u0119 na nocne wyprawy<\/strong> &#8211; absolutnie niezb\u0119dny przedmiot, nawet je\u015bli w programie nie wybrali\u015bcie nocnych wypraw. Latarka przydaje si\u0119 zawsze, podczas p\u00f3\u017aniejszych powrot\u00f3w do o\u015brodka albo podczas zwiedzania podziemnych pomieszcze\u0144. <\/li>\n<\/ul>\n\n\n\n<div class=\"wp-block-buttons is-layout-flex wp-block-buttons-is-layout-flex\">\n<div class=\"wp-block-button\"><a class=\"wp-block-button__link has-very-dark-gray-color has-very-light-gray-background-color has-text-color has-background wp-element-button\" href=\"#\">powr\u00f3t<\/a><\/div>\n<\/div>\n\n\n\n<h2 class=\"wp-block-heading has-large-font-size\"><strong><a name=\"oboz\">OBOZY<\/a><\/strong> SILBERBERG:<\/h2>\n\n\n\n<ul class=\"wp-block-list\">\n<li><strong>\u015aPIW\u00d3R <\/strong>&#8211; na obozach potrzebny jest TYLKO PRZY NOCOWANIU w NAMIOTACH.  W domkach mamy ju\u017c po\u015bciel.<\/li>\n\n\n\n<li><strong>miska, kubek, sztu\u0107ce<\/strong> &#8211; uczestnicy oboz\u00f3w i larp\u00f3w jedz\u0105 posi\u0142ki z w\u0142asnych naczy\u0144. Na obozy Silberberg w klimacie fantasy polecamy naczynia i kubeczki stylizowane wygl\u0105dem na historyczne &#8211; cynowe,      gliniane czy kamionkowe miski i kufelki, je\u015bli obawiacie si\u0119, czy si\u0119 nie      st\u0142uk\u0105 \u2013 zabierzcie drewnian\u0105 toczon\u0105 miseczk\u0119 czy drewniany kufelek. <br><strong>UWAGA<\/strong>!      <br>Na fabu\u0142\u0119 Silberberg (fantasy) nie bierzemy mena\u017cek harcerskich, naczy\u0144 ze stali nierdzewnej czy innych ewidentnie wsp\u00f3\u0142czesnych wynalazk\u00f3w.<\/li>\n<\/ul>\n\n\n\n<h2 class=\"wp-block-heading has-medium-font-size\">\u2705 <strong>STR\u00d3J:<\/strong><\/h2>\n\n\n\n<p>\nKa\u017cdy\nuczestnik mo\u017ce wypo\u017cyczy\u0107 podstawowy str\u00f3j fabularny. Jednak\ntrzeba pami\u0119ta\u0107, \u017ce str\u00f3j fabularny, czy to z przydzia\u0142u, czy\nw\u0142asny, najcz\u0119\u015bciej obejmuje warstw\u0119 wierzchni\u0105. Co najlepiej\ndobra\u0107 pod sp\u00f3d, aby nie robi\u0142o problem\u00f3w? <br>\nPrzede wszystkim\ndobierzcie rzeczy wygodne i w stonowanych kolorach, bez nadruk\u00f3w,\nodblask\u00f3w, chemicznych kolor\u00f3w. \n<\/p>\n\n\n\n<ul class=\"wp-block-list\">\n<li> <strong>BUTY W TEREN<\/strong>, musz\u0105 by\u0107 wygodne, przynajmniej dwie pary, z czego jedna koniecznie typu g\u00f3rskiego na mocnej podeszwie, najlepiej ponad kostk\u0119. Aby wygl\u0105da\u0142y bardziej fantasy, mo\u017cna pomy\u015ble\u0107 o dodaniu cholewki sk\u00f3rzanej. <br> Stanowczo odradzamy buty sportowe, szczeg\u00f3lnie z odblaskami! <br> Na larpy Silberspace polecamy obuwie wojskowe lub trekkingowe.  <\/li>\n\n\n\n<li><strong>LEKKIE BUTY<\/strong> &#8211; w razie upa\u0142u lub do chodzenia po Warowni. Polecamy lekkie, sk\u00f3rzane sanda\u0142y.<\/li>\n\n\n\n<li><strong>SPODNIE<\/strong> &#8211; najlepsze b\u0119d\u0105 ciemne d\u017cinsy lub boj\u00f3wki, mog\u0105 by\u0107 tak\u017ce spodnie dresowe czy dla dziewcz\u0105t legginsy. Prosimy jednak unika\u0107 rozmaitych wsp\u00f3\u0142czesnych ozd\u00f3b, naszywek, logo, odblaskowych pask\u00f3w itp. \u2013 w po\u0142\u0105czeniu ze stylizowanym na \u015bredniowieczny strojem wierzchnim wygl\u0105daj\u0105 stanowczo \u017ale.<\/li>\n\n\n\n<li><strong>CO\u015a NA DESZCZ <\/strong>&#8211; tutaj bardzo mocno odradzamy wszelkie plastikowe i foliowe pelerynki \u2013 nie ma mo\u017cliwo\u015bci u\u017cywania takowej w czasie fabu\u0142y. Dobrym i do\u015b\u0107 tanim rozwi\u0105zaniem, kt\u00f3re polecamy serdecznie, s\u0105 harcerskie pa\u0142atki, czarne lub zielone, kt\u00f3re mo\u017cna kupi\u0107 w Internecie za ok. 20 z\u0142. Zasznurowanie pa\u0142atki w form\u0119 p\u0142aszcza z kapturem daje wygodne i stylowe wyko\u0144czenie stroju do gry. We\u0142niany p\u0142aszcz oczywi\u015bcie tak\u017ce doskonale si\u0119 sprawdzi.  <\/li>\n\n\n\n<li><strong>CIEPLEJSZY CIUCH<\/strong> &#8211; na wypadek za\u0142amania pogody i na zimne wieczory, w tej roli idealnie sprawdzi si\u0119 jednokolorowy polar lub sweter, o ile oczywi\u015bcie nie mamy we\u0142nianej tuniki.  <\/li>\n\n\n\n<li><strong>LEGITYMACJA  SZKOLNA LUB STUDENCKA <\/strong>\u2013      niezb\u0119dna podczas dojazdu, jak i w przypadku konieczno\u015bci wizyty w o\u015brodku      zdrowia.<\/li>\n<\/ul>\n\n\n\n<h2 class=\"wp-block-heading has-medium-font-size\">\u2705 <strong>DODATKI:<\/strong><\/h2>\n\n\n\n<p style=\"font-size:15px\"> Opr\u00f3cz wygodnego stroju jest kilka drobiazg\u00f3w, kt\u00f3re bardzo poprawiaj\u0105 komfort gry. Szczeg\u00f3lnie polecamy:<\/p>\n\n\n\n<ul class=\"wp-block-list\">\n<li> <strong>PASEK <\/strong>\u2013 na larpach fantasy to nieod\u0142\u0105czne uzupe\u0142nienie stroju, z paskiem ka\u017cda tunika wygl\u0105da bardziej stylowo, ale przede wszystkim przy pasku mo\u017cna zawiesi\u0107 mn\u00f3stwo drobiazg\u00f3w, jak kaletk\u0119 czy sakiewk\u0119 na monety, uchwyt na bro\u0144 albo no\u017cyk. Z kolei na larpach airsoft pasek b\u0119dzie niezb\u0119dny, \u017ceby przyczepi\u0107 \u0142adownic\u0119 czy kabur\u0119. <\/li>\n\n\n\n<li><strong>KALETKA\/ \u0141ADOWNICA <\/strong>\u2013 na larpy fantasy najbardziej polecamy takie historyczne, ale wiemy, \u017ce nie s\u0105 tanie. Ta\u0144sze odpowiedniki mo\u017cna zrobi\u0107 nawet z u\u017cywanej damskiej torebki, kt\u00f3rej doprawimy szlufki do zamontowania przy pasku. Na Silberspace przyda si\u0119 wojskowa \u0142adownica. Kaletka powinna zmie\u015bci\u0107 kilka podstawowych drobiazg\u00f3w \u2013 fabularny banda\u017c czy eliksir, chusteczki, zapa\u0142ki czy inne podr\u0119czne przedmioty.  <\/li>\n\n\n\n<li><strong>TORBA P\u0141\u00d3CIENNA<\/strong> \/ MA\u0141Y PLECACZEK \u2013 na larpach fantasy prosta torba zak\u0142adana na rami\u0119 to wi\u0119ksza wersja kaletki, mniej wygodna ale przydatna np. na terenie Warowni. Mo\u017cna tam wrzuci\u0107 r\u0119cznik i myd\u0142o, idac pod prysznic, butelk\u0119 z napojem czy cieplejszy ciuszek potrzebny na wart\u0119. W ten spos\u00f3b unikamy \u015bwiecenia wszem i wobec wsp\u00f3\u0142czesnymi przedmiotami, a to co potrzebne, mamy pod r\u0119k\u0105. <br><strong>PRZYDATNE DROBIAZGI<\/strong> \u2013 co zawsze si\u0119 przyda na warcie czy w obozie:\n<ul class=\"wp-block-list\">\n<li><strong>sznurek <\/strong>\u2013 awaryjnie do przymocowania czego\u015b  <\/li>\n\n\n\n<li><strong>no\u017cyk <\/strong>&#8211; do zastrugania patyka czy przyci\u0119cia sznurka  <\/li>\n\n\n\n<li><strong>zapa\u0142ki\/zapalniczka<\/strong> \u2013 podstawow\u0105 zdobyt\u0105 umiej\u0119tno\u015bci\u0105 b\u0119dzie rozpalanie ognia, a nie ma co liczy\u0107 na innych je\u015bli chodzi o po\u017cyczanie sprz\u0119tu  <\/li>\n\n\n\n<li><strong>\u015bwieczka <\/strong>\u2013 kiedy trzeba o\u015bwietli\u0107 sobie drog\u0119 albo u\u0142atwi\u0107 rozpalenie ognia  <\/li>\n\n\n\n<li><strong>zestaw do reperacji<\/strong> &#8211; nitka, ig\u0142a, sznurek, zapasowy guzik, drucik czy \u017cy\u0142ka &#8211; \u017ceby drobne sprawy nie stawa\u0142y si\u0119 problemem.  <\/li>\n\n\n\n<li><strong>chusta <\/strong>\u2013 wielofunkcyjny przedmiot, od zwi\u0105zania niesfornych w\u0142os\u00f3w, przez mocowanie rzeczy do u\u017cycia w przypadku nieszcz\u0119\u015bliwych przypadk\u00f3w np. skr\u0119cenia kostki.   <\/li>\n<\/ul>\n<\/li>\n\n\n\n<li><strong>\u015aWIAT\u0141O<\/strong>&#8211; na larpach Silberberg pos\u0142ugujemy si\u0119 wy\u0142\u0105cznie o\u015bwietleniem fabularnym, czyli stylizowanym na klimat fantasy (\u015bwiece, latarenki, lampiony). Otwarty ogie\u0144 nie jest dopuszczalny w domkach mieszkalnych, ale \u015bwieczki mog\u0105 si\u0119 przyda\u0107 w terenie. Nadadz\u0105 si\u0119 te\u017c r\u00f3\u017cne stylizowane latarnie elektryczne.<\/li>\n<\/ul>\n\n\n\n<p class=\"has-medium-font-size\"><strong>PAMI\u0118TAJ! To, jak si\u0119 ubierzesz w czasie gry, to nie jest tylko Twoja sprawa! <br>Inni gracze Ci\u0119 widz\u0105 i Tw\u00f3j str\u00f3j czy akcesoria wp\u0142ywaj\u0105 na ich odczucia estetyczne i klimat sceny. <\/strong><\/p>\n\n\n\n<div class=\"wp-block-buttons is-layout-flex wp-block-buttons-is-layout-flex\">\n<div class=\"wp-block-button\"><a class=\"wp-block-button__link has-very-dark-gray-color has-very-light-gray-background-color has-text-color has-background wp-element-button\" href=\"#\">powr\u00f3t<\/a><\/div>\n<\/div>\n\n\n\n<h2 class=\"wp-block-heading has-large-font-size\"><strong><a name=\"nie\">LEPIEJ ZOSTAW W DOMU<\/a><\/strong><\/h2>\n\n\n\n<p>Wiesz ju\u017c, co zabra\u0107 w g\u00f3ry, wi\u0119c dodamy jeszcze list\u0119 tego, czego lepiej nie zabiera\u0107:<\/p>\n\n\n\n<ul class=\"wp-block-list\">\n<li> <strong>drogie miejskie ciuchy i buty<\/strong> <br> W terenie zawsze mo\u017ce si\u0119 zdarzy\u0107, \u017ce ubranie si\u0119 wybrudzi czy nawet podrze. W g\u00f3rach ubranie ma by\u0107 przede wszystkim wygodne i odporne na warunki. Pami\u0119tajcie, \u017ce elegancja polega na tym, \u017ceby by\u0107 ubranym stosownie do sytuacji.  <\/li>\n\n\n\n<li><strong>elektroniczne gad\u017cety<\/strong><br> W razie potrzeby w Warowni i innych o\u015brodkach jest dost\u0119pne wi-fi, ale na pewno ka\u017cdemu dobrze zrobi odpoczynek od szklanych ekran\u00f3w. Zw\u0142aszcza, \u017ce warunki w terenie nigdy nie s\u0105 sterylne i nie odpowiadamy za sprz\u0119t zniszczony przez deszcz czy kurz.  <\/li>\n\n\n\n<li><strong>wysokopr\u0105dowe urz\u0105dzenia<\/strong> <br>Suszarki (s\u0105 dost\u0119pne na miejscu), grzejniki, g\u0142o\u015bniki i wszystko, co pobiera wi\u0119cej ni\u017c 1kW, grozi wywaleniem bezpiecznik\u00f3w.<\/li>\n<\/ul>\n\n\n\n<h2 class=\"wp-block-heading has-large-font-size\"><strong><a name=\"dojazd\">JAK DOJECHA\u0106 DO WAROWNI:<\/a><\/strong><\/h2>\n\n\n\n<p style=\"font-size:15px\"> Srebrna G\u00f3ra jest po\u0142o\u017cona na wysoko\u015bci oko\u0142o 600 m n.p.m., nie s\u0105 to wi\u0119c wysokie g\u00f3ry. Tym niemniej wybieraj\u0105cy si\u0119 do nas na wycieczk\u0119 powinni pami\u0119ta\u0107, \u017ce jednak s\u0105 to g\u00f3ry \ud83d\ude42 Zwykle bywa u nas nieco ch\u0142odniej, ni\u017c na ni\u017cej po\u0142o\u017conych terenach, a pogoda potrafi si\u0119 szybko zmienia\u0107. Sama miejscowo\u015b\u0107 co prawda jest bardzo urokliwym g\u00f3rskim miasteczkiem z brukowanymi uliczkami, ale wi\u0119kszo\u015b\u0107 naszych zaj\u0119\u0107 odbywa si\u0119 w terenie, w lesie, na bezdro\u017cach. Spodziewajcie si\u0119 zatem warunk\u00f3w terenowych.<\/p>\n\n\n\n<p>\u2705 Przy przyje\u017adzie prosimy kontaktowa\u0107 si\u0119 na numer 604522055 (Pawe\u0142 \u0141oza). Je\u015bli wcze\u015bniej Pa\u0144stwo tego nie podawali\u015bcie, b\u0119dziemy wdzi\u0119czni za kr\u00f3tk\u0105 informacj\u0119 co do orientacyjnej godziny Pa\u0144stwa przybycia (mo\u017ce by\u0107 sms) oraz<strong><u> kontakt telefoniczny do Pa\u0144stwa<\/u><\/strong>.<\/p>\n\n\n\n<p>\u2705 Szukaj\u0105c drogi mo\u017cecie nas znale\u017a\u0107 na mapie Google \u2013 wpiszcie \u201eWarownia Srebrna G\u00f3ra\u201d.<\/p>\n\n\n\n<p>Link do lokalizacji: <a href=\"https:\/\/goo.gl\/maps\/XiScqQK9rYAEa9yJ7\">WAROWNIA W GOOGLE<\/a><\/p>\n\n\n\n<h2 class=\"wp-block-heading has-medium-font-size\"><strong>DOJAZD PKP <\/strong><\/h2>\n\n\n\n<p>Wybieraj\u0105c dojazd kolejowy trzeba dojecha\u0107 do Wroc\u0142awia, a stamt\u0105d do miejscowo\u015bci Kamieniec Z\u0105bkowicki lub Bardo \u015al\u0105skie. Stamt\u0105d z kolei proponujemy podstawienie autobusu do Srebrnej G\u00f3ry, bo dalsza podr\u00f3\u017c b\u0119dzie wymaga\u0142a kombinowania z lokalnymi po\u0142\u0105czeniami bus.<\/p>\n\n\n\n<h2 class=\"wp-block-heading has-medium-font-size\"><strong>PKS z Wroc\u0142awia<\/strong><\/h2>\n\n\n\n<p>Mo\u017cna tak\u017ce dojecha\u0107 po\u0142\u0105czeniami PKS lub busem (np. Beskid) do Z\u0105bkowic \u015al\u0105skich, ale nie polecamy tego rozwi\u0105zania dla grup.<\/p>\n\n\n\n<h2 class=\"wp-block-heading has-medium-font-size\"><strong>AUTOKAR \/ SAMOCH\u00d3D<\/strong><\/h2>\n\n\n\n<p> do Srebrnej G\u00f3ry mo\u017cna dojecha\u0107 z dw\u00f3ch stron. G\u0142\u00f3wny dojazd prowadzi od drogi krajowej nr 8 (z Wroc\u0142awia do Kudowy Zdr\u00f3j) zjazdem w Z\u0105bkowicach na drog\u0119 nr 385 (przy zje\u017adzie s\u0105 te\u017c drogowskazy, prowadz\u0105ce na Twierdz\u0119 Srebrnog\u00f3rsk\u0105). Po dojechaniu do Srebrnej G\u00f3ry nale\u017cy kierowa\u0107 si\u0119 pod forty, przeje\u017cd\u017caj\u0105c przez ca\u0142\u0105 miejscowo\u015b\u0107, a\u017c do Prze\u0142\u0119czy Srebrnej. <br> Do Srebrnej mo\u017cna te\u017c dojecha\u0107 od strony Nowej Rudy (kierunek z Wa\u0142brzycha) drog\u0105 nr 385. Po drodze w Nowej Wsi znajduje si\u0119 do\u015b\u0107 niski wiadukt (oko\u0142o 3,5m), jednak wi\u0119kszo\u015b\u0107 du\u017cych autobus\u00f3w przeje\u017cd\u017ca pod nim bez problemu. Jad\u0105c z tamtego kierunku doje\u017cd\u017camy prosto na Prze\u0142\u0119cz Srebrn\u0105. <br>Z Prze\u0142\u0119czy skr\u0119camy w kierunku Twierdzy (jest tam zakaz wjazdu, ale nie dotyczy go\u015bci), ale zaraz po skr\u0119cie na rozje\u017adzie wybieramy drog\u0119 w lewo, wzd\u0142u\u017c siatkowego ogrodzenia, kt\u00f3re b\u0119dzie po lewej stronie. Do Warowni prowadzi asfaltowa droga, kt\u00f3r\u0105 jedziemy ok. 900 m., a\u017c po lewej stronie znajdziemy drewniane zabudowania i furtk\u0119 z napisem &#8222;BAZA BIWAKOWA WAROWNIA&#8221;. <br>Nie posiadamy w\u0142asnego parkingu \u2013 samoch\u00f3d mo\u017cna zostawi\u0107 na poboczu drogi dojazdowej do Warowni (ul. Warowna).<\/p>\n\n\n\n<p><strong>Wynajem autobusu <\/strong><br>Je\u015bli chcecie zam\u00f3wi\u0107 transport dla swojej grupy, prosimy o kontakt na mail <a href=\"mailto:biuro@kortunal.com\">biuro@kortunal.com<\/a> <\/p>\n\n\n\n<iframe loading=\"lazy\" src=\"https:\/\/www.google.com\/maps\/embed?pb=!1m18!1m12!1m3!1d2533.963142121243!2d16.633810215735785!3d50.57204937949233!2m3!1f0!2f0!3f0!3m2!1i1024!2i768!4f13.1!3m3!1m2!1s0x470e394ae0097ebd%3A0x67395c6a1e92afe7!2sWarownia%20(Kortunal%20-%20turystyka%20i%20przygoda)!5e0!3m2!1spl!2spl!4v1571438900976!5m2!1spl!2spl\" style=\"border:0;\" allowfullscreen=\"\" width=\"600\" height=\"450\" frameborder=\"0\"><\/iframe>\n\n\n\n<div class=\"wp-block-buttons is-layout-flex wp-block-buttons-is-layout-flex\">\n<div class=\"wp-block-button\"><a class=\"wp-block-button__link has-very-dark-gray-color has-very-light-gray-background-color has-text-color has-background wp-element-button\" href=\"#\">powr\u00f3t<\/a><\/div>\n<\/div>\n","protected":false},"excerpt":{"rendered":"<p>Niezb\u0119dnik &#8211; co zabra\u0107 ze sob\u0105 na wycieczk\u0119, ob\u00f3z czy imprez\u0119? <\/p>\n","protected":false},"author":1,"featured_media":50021,"comment_status":"closed","ping_status":"open","sticky":false,"template":"","format":"standard","meta":{"_et_pb_use_builder":"off","_et_pb_old_content":"<!-- wp:paragraph -->\n<p>Zastanawiasz si\u0119 co zabra\u0107 ze sob\u0105 w g\u00f3ry? <strong>Wszystkich wybieraj\u0105cych si\u0119 do Warowni  zach\u0119camy do przeczytania tej zak\u0142adki. Znajdziecie tu kilka praktycznych informacji :) <\/strong><\/p>\n<!-- \/wp:paragraph -->\n\n<!-- wp:paragraph {\"align\":\"center\",\"fontSize\":\"large\"} -->\n<p class=\"has-text-align-center has-large-font-size\">Co zabra\u0107 ze sob\u0105?<\/p>\n<!-- \/wp:paragraph -->\n\n<!-- wp:buttons -->\n<div class=\"wp-block-buttons\"><!-- wp:button {\"textColor\":\"white\",\"style\":{\"color\":{\"background\":\"#4d5734\"},\"elements\":{\"link\":{\"color\":{\"text\":\"var:preset|color|white\"}}}}} -->\n<div class=\"wp-block-button\"><a class=\"wp-block-button__link has-white-color has-text-color has-background has-link-color wp-element-button\" href=\"#nocleg\" style=\"background-color:#4d5734\"><mark style=\"background-color:rgba(0, 0, 0, 0)\" class=\"has-inline-color has-white-color\">NA NOCLEG<\/mark><\/a><\/div>\n<!-- \/wp:button -->\n\n<!-- wp:button {\"textColor\":\"white\",\"style\":{\"color\":{\"background\":\"#4d5734\"},\"elements\":{\"link\":{\"color\":{\"text\":\"var:preset|color|white\"}}}}} -->\n<div class=\"wp-block-button\"><a class=\"wp-block-button__link has-white-color has-text-color has-background has-link-color wp-element-button\" href=\"#wycieczka\" style=\"background-color:#4d5734\"><mark style=\"background-color:rgba(0, 0, 0, 0)\" class=\"has-inline-color has-white-color\">NA WYCIECZK\u0118<\/mark><\/a><\/div>\n<!-- \/wp:button -->\n\n<!-- wp:button {\"textColor\":\"white\",\"style\":{\"color\":{\"background\":\"#4d5734\"},\"elements\":{\"link\":{\"color\":{\"text\":\"var:preset|color|white\"}}}}} -->\n<div class=\"wp-block-button\"><a class=\"wp-block-button__link has-white-color has-text-color has-background has-link-color wp-element-button\" href=\"#oboz\" style=\"background-color:#4d5734\"><mark style=\"background-color:rgba(0, 0, 0, 0)\" class=\"has-inline-color has-white-color\">NA OB\u00d3Z SILBERBERG<\/mark><\/a><\/div>\n<!-- \/wp:button -->\n\n<!-- wp:button {\"textColor\":\"white\",\"style\":{\"color\":{\"background\":\"#4d5734\"},\"elements\":{\"link\":{\"color\":{\"text\":\"var:preset|color|white\"}}}}} -->\n<div class=\"wp-block-button\"><a class=\"wp-block-button__link has-white-color has-text-color has-background has-link-color wp-element-button\" href=\"#dojazd\" style=\"background-color:#4d5734\"><mark style=\"background-color:rgba(0, 0, 0, 0)\" class=\"has-inline-color has-white-color\">DOJAZD<\/mark><\/a><\/div>\n<!-- \/wp:button -->\n\n<!-- wp:button {\"textColor\":\"white\",\"style\":{\"color\":{\"background\":\"#4d5734\"},\"elements\":{\"link\":{\"color\":{\"text\":\"var:preset|color|white\"}}}}} -->\n<div class=\"wp-block-button\"><a class=\"wp-block-button__link has-white-color has-text-color has-background has-link-color wp-element-button\" href=\"#nie\" style=\"background-color:#4d5734\"><mark style=\"background-color:rgba(0, 0, 0, 0)\" class=\"has-inline-color has-white-color\">CZEGO NIE BRA\u0106<\/mark><\/a><\/div>\n<!-- \/wp:button --><\/div>\n<!-- \/wp:buttons -->\n\n<!-- wp:heading {\"fontSize\":\"large\"} -->\n<h2 class=\"wp-block-heading has-large-font-size\"> <strong><a name=\"nocleg\">NOCLEGI:<\/a><\/strong><\/h2>\n<!-- \/wp:heading -->\n\n<!-- wp:paragraph -->\n<p>\u2705 Pami\u0119tajcie, \u017ce Warownia nie jest hotelem, a raczej g\u00f3rsk\u0105 baz\u0105 noclegow\u0105 :) Dok\u0142adne informacje o obiekcie oraz zdj\u0119cia znajdziecie Pa\u0144stwo tutaj:   <a href=\"https:\/\/kortunal.com\/index.php\/noclegi-i-imprezy-w-warowni\/\">NOCLEGI I IMPREZY W WAROWNI<\/a><br>Je\u015bli nie zrobili\u015bcie tego wcze\u015bniej, sprawd\u017acie koniecznie warunki pobytu u nas!<\/p>\n<!-- \/wp:paragraph -->\n\n<!-- wp:paragraph -->\n<p>\u2705 Prosimy pami\u0119ta\u0107 o \u015bpiworach! W pokojach s\u0105 prze\u015bcierad\u0142a oraz poduszki, ale \u015bpiw\u00f3r konieczny jest w\u0142asny.<\/p>\n<!-- \/wp:paragraph -->\n\n<!-- wp:paragraph -->\n<p>\u2705 Do dyspozycji naszych go\u015bci s\u0105 tak\u017ce we\u0142niane koce wojskowe \u2013 je\u015bli potrzebujecie koca, popro\u015bcie osob\u0119 obs\u0142uguj\u0105c\u0105 w bufecie o wydanie koca do pokoju.<\/p>\n<!-- \/wp:paragraph -->\n\n<!-- wp:paragraph -->\n<p>\u2705 Psy s\u0105 mile widzianymi go\u015b\u0107mi w Warowni.  Ka\u017cdy psiak dostaje u nas legowisko i misk\u0119 w domku, w kt\u00f3rym nocuje, prosimy tylko o wcze\u015bniejsz\u0105 informacj\u0119, jakiego rozmiaru legowisko przygotowa\u0107.<\/p>\n<!-- \/wp:paragraph -->\n\n<!-- wp:paragraph -->\n<p>Bardzo prosimy o sms (604522055) przy wchodzeniu na teren, \u017ceby\u015bmy zd\u0105\u017cyli zabra\u0107 nasze warowniowe psiaki.<br>W czasie pobytu w Warowni prosimy, aby pies by\u0142 na smyczy \u2013 ze wzgl\u0119du&nbsp; na komfort innych go\u015bci.<\/p>\n<!-- \/wp:paragraph -->\n\n<!-- wp:paragraph -->\n<p>\u2705 W domkach jest ogrzewanie oraz ma\u0142e czajniczki \u2013 prosimy, aby nie bra\u0107 ze sob\u0105 dodatkowego sprz\u0119tu z wysokim poborem pr\u0105du, bo grozi przeci\u0105\u017ceniem sieci i wybiciem bezpiecznik\u00f3w.<\/p>\n<!-- \/wp:paragraph -->\n\n<!-- wp:paragraph -->\n<p>Opr\u00f3cz tego wrz\u0105tek jest dost\u0119pny w halli, bezp\u0142atnie.<\/p>\n<!-- \/wp:paragraph -->\n\n<!-- wp:paragraph -->\n<p>\u2705 Prosimy, aby w czasie pobytu nie wynosi\u0107 z pokoju \u017cadnych sprz\u0119t\u00f3w (koc\u00f3w, \u0142awek itp), a je\u015bli macie Pa\u0144stwo ze sob\u0105 rowery \u2013 prosimy, aby nie wstawia\u0107 ich do pokoju ze wzgl\u0119du na uszkodzenie drewnianej pod\u0142ogi.<\/p>\n<!-- \/wp:paragraph -->\n\n<!-- wp:paragraph -->\n<p>\u2705 Doba hotelowa zaczyna si\u0119 o godzinie 14:00 i ko\u0144czy si\u0119 o godzinie 11:00 i do tego czasu bardzo prosimy o wykwaterowanie pokoi ze wzgl\u0119du na konieczno\u015b\u0107 sprz\u0105tni\u0119cia ich dla kolejnych go\u015bci.<\/p>\n<!-- \/wp:paragraph -->\n\n<!-- wp:heading {\"fontSize\":\"medium\"} -->\n<h2 class=\"wp-block-heading has-medium-font-size\"><strong>POSI\u0141KI I HALLA<\/strong><\/h2>\n<!-- \/wp:heading -->\n\n<!-- wp:paragraph -->\n<p>\u2705 Halla jest czynna w godzinach 9:00 \u201321:00. \u015aniadania wydajemy od godziny 9:00.<\/p>\n<!-- \/wp:paragraph -->\n\n<!-- wp:paragraph -->\n<p>\u2705 &nbsp;BUFET<br>W bufecie na bie\u017c\u0105co mo\u017cna zam\u00f3wi\u0107 ma\u0142e posi\u0142ki &nbsp;- kie\u0142baski z patelni, jajecznic\u0119, bigos itp., pe\u0142ne menu na dany dzie\u0144 jest dost\u0119pne na miejscu.<\/p>\n<!-- \/wp:paragraph -->\n\n<!-- wp:paragraph -->\n<p>\u2705 HERBACIARNIA<br>Zapraszamy r\u00f3wnie\u017c do naszej herbaciarni na dzbanek aromatycznej herbaty \u2013 zielona, pu-erh, czarna w kilku odmianach, serwowana ze s\u0142odkim pocz\u0119stunkiem.<\/p>\n<!-- \/wp:paragraph -->\n\n<!-- wp:paragraph -->\n<p>\u2705 PIWO RZEMIE\u015aLNICZE<br>Po przygodach na szlaku zapraszamy na znakomity z\u0142oty trunek z browaru Wielka Sowa (w trakcie wycieczek szkolnych alkohol nie jest dost\u0119pny).<\/p>\n<!-- \/wp:paragraph -->\n\n<!-- wp:paragraph -->\n<p>\u2705 W\u0142asne naczynia nie s\u0105 konieczne \u2013 je\u015bli macie Pa\u0144stwo zam\u00f3wione posi\u0142ki, naczynia jednorazowe b\u0119d\u0105 udost\u0119pniane przy posi\u0142ku.<\/p>\n<!-- \/wp:paragraph -->\n\n<!-- wp:paragraph -->\n<p>\u2705 Je\u017celi nie zarezerwowali\u015bcie Pa\u0144stwo posi\u0142k\u00f3w, a jeste\u015bcie nimi zainteresowani, prosimy o uprzedzenie nas koniecznie mo\u017cliwie szybko! S\u0105 dost\u0119pne \u015bniadania i kolacje w formie bufetu kanapkowego oraz obiady cateringowe dla wi\u0119kszych grup.<br>Zwracamy uwag\u0119, \u017ce rezygnacja z wcze\u015bniej zam\u00f3wionych \u015bwiadcze\u0144 (noclegu czy posi\u0142ku) w dniu przyjazdu wi\u0105\u017ce si\u0119 z poniesieniem ich koszt\u00f3w \u2013 prosimy o przemy\u015blane zam\u00f3wienia.<\/p>\n<!-- \/wp:paragraph -->\n\n<!-- wp:heading {\"fontSize\":\"medium\"} -->\n<h2 class=\"wp-block-heading has-medium-font-size\"><strong>TEREN WAROWNI:<\/strong><\/h2>\n<!-- \/wp:heading -->\n\n<!-- wp:paragraph -->\n<p>\u2705 Prosimy pami\u0119ta\u0107, \u017ce na ca\u0142ym terenie obiektu obowi\u0105zuje ZAKAZ PALENIA, a budynki wyposa\u017cone s\u0105 w czujniki dymu. Miejsca wyznaczone do palenia wska\u017ce Pa\u0144stwu obs\u0142uga przy przyje\u017adzie.<\/p>\n<!-- \/wp:paragraph -->\n\n<!-- wp:paragraph -->\n<p>\u2705 Na terenie Warowni s\u0105 wyznaczone miejsca ogniskowe, z kt\u00f3rych mo\u017cna samodzielnie i bezp\u0142atnie korzysta\u0107. Drewno (suche ga\u0142\u0119zie) jest do samodzielnego pozyskania w najbli\u017cszej okolicy. <br>Je\u015bli macie Pa\u0144stwo zam\u00f3wion\u0105 kolacj\u0119 ogniskow\u0105, ga\u0142\u0119zie na ognisko tak\u017ce trzeba zgromadzi\u0107 samodzielnie.<\/p>\n<!-- \/wp:paragraph -->\n\n<!-- wp:paragraph -->\n<p><strong>ZAJ\u0118CIA:<\/strong><\/p>\n<!-- \/wp:paragraph -->\n\n<!-- wp:paragraph -->\n<p>\u2705 Je\u017celi macie Pa\u0144stwo zam\u00f3wione zaj\u0119cia ASG \u2013 mog\u0105 si\u0119 przyda\u0107 w\u0142asne r\u0119kawice taktyczne (b\u0119d\u0105 udost\u0119pnione, ale czasem nie pasuje rozmiar).<br>Je\u017celi macie Pa\u0144stwo zam\u00f3wione nocne zaj\u0119cia \u2013 przyda si\u0119 latarka.<br>Na wszystkie zaj\u0119cia potrzebne b\u0119d\u0105 porz\u0105dne buty ponad kostk\u0119 i wygodne ubranie.<\/p>\n<!-- \/wp:paragraph -->\n\n<!-- wp:heading {\"fontSize\":\"medium\"} -->\n<h2 class=\"wp-block-heading has-medium-font-size\"><strong>WA\u017bNE! STANDARDY ZACHOWANIA&nbsp;<\/strong><\/h2>\n<!-- \/wp:heading -->\n\n<!-- wp:paragraph -->\n<p>\u2705 Szanowni Go\u015bcie, pami\u0119tajcie, \u017ce Warownia le\u017cy na uboczu, ale s\u0105 tu tak\u017ce inni nocuj\u0105cy i s\u0105siedzi. Cisza nocna u nas nie musi by\u0107 drobiazgowo przestrzegana, ale prosimy o takie zachowanie, kt\u00f3re nie b\u0119dzie przeszkadza\u0107 innym.<\/p>\n<!-- \/wp:paragraph -->\n\n<!-- wp:paragraph -->\n<p>\u2705 W zwi\u0105zku z powy\u017cszym prosimy, aby NIE WNOSI\u0106 do Warowni w\u0142asnego NAG\u0141O\u015aNIENIA.<\/p>\n<!-- \/wp:paragraph -->\n\n<!-- wp:paragraph -->\n<p>\u2705 Je\u015bli inni go\u015bcie b\u0119d\u0105 zak\u0142\u00f3ca\u0107 Pa\u0144stwa wypoczynek w nocy, prosimy o kontakt z obs\u0142ug\u0105 Warowni.<\/p>\n<!-- \/wp:paragraph -->\n\n<!-- wp:paragraph -->\n<p><strong>ROZLICZENIA<\/strong><\/p>\n<!-- \/wp:paragraph -->\n\n<!-- wp:paragraph -->\n<p>\u2705&nbsp; Niestety nie dysponujemy na miejscu terminalem kart, wi\u0119c bardzo prosimy o rozliczenie got\u00f3wk\u0105 (preferowane) lub w formie przelewu on-line.<br>Z g\u00f3ry dzi\u0119kujemy!<\/p>\n<!-- \/wp:paragraph -->\n\n<!-- wp:buttons -->\n<div class=\"wp-block-buttons\"><!-- wp:button {\"backgroundColor\":\"very-light-gray\",\"textColor\":\"very-dark-gray\"} -->\n<div class=\"wp-block-button\"><a class=\"wp-block-button__link has-very-dark-gray-color has-very-light-gray-background-color has-text-color has-background wp-element-button\" href=\"#\">powr\u00f3t<\/a><\/div>\n<!-- \/wp:button --><\/div>\n<!-- \/wp:buttons -->\n\n<!-- wp:heading {\"fontSize\":\"large\"} -->\n<h2 class=\"wp-block-heading has-large-font-size\"><strong><a name=\"wycieczka\">WYCIECZKAK<\/a><\/strong>A<strong><a name=\"wycieczka\"> LUB IMPREZA:<\/a><\/strong><\/h2>\n<!-- \/wp:heading -->\n\n<!-- wp:list -->\n<ul class=\"wp-block-list\"><!-- wp:list-item -->\n<li> JE\u015aLI nocujecie w Warowni, <strong>KONIECZNIE ZABIERZCIE \u015aPIWORY!<\/strong> <\/li>\n<!-- \/wp:list-item -->\n\n<!-- wp:list-item -->\n<li><strong>w\u0142asny kubek <\/strong>- przydaje si\u0119, bo jednorazowe wydawane przy posi\u0142kach nie zawsze wystarczaj\u0105.  <\/li>\n<!-- \/wp:list-item -->\n\n<!-- wp:list-item -->\n<li><strong>mena\u017cka lub miska i sztu\u0107ce <\/strong>\u2013 zapewniamy jednorazowe naczynia, ale mo\u017cna mie\u0107 swoje w\u0142asne. I bardziej ekologicznie!   <\/li>\n<!-- \/wp:list-item -->\n\n<!-- wp:list-item -->\n<li><strong>wygodne buty<\/strong>, najlepiej nad kostk\u0119, do wypraw w teren. Buty powinny mie\u0107 grub\u0105, porz\u0105dn\u0105 podeszw\u0119, uchroni\u0105 Was przed po\u015blizgiem i b\u00f3lem st\u00f3p, odbitych na kamienistych \u015bcie\u017ckach.  <\/li>\n<!-- \/wp:list-item -->\n\n<!-- wp:list-item -->\n<li><strong>buty typu trampki<\/strong> - do wspinaczki na \u015bciank\u0119 oraz do chodzenia po o\u015brodku. Do obydwu cel\u00f3w wystarcz\u0105 zwyk\u0142e hal\u00f3wki z mi\u0119kk\u0105 podeszw\u0105.  <\/li>\n<!-- \/wp:list-item -->\n\n<!-- wp:list-item -->\n<li><strong>okrycie przeciwdeszczowe <\/strong>- o ile kto\u015b nie jest odporny na deszcz, powinien je mie\u0107 ze sob\u0105. Pogoda u nas potrafi zmieni\u0107 si\u0119 bardzo szybko. Deszcz nie przeszkadza nam w prowadzeniu zaj\u0119\u0107, ale uczestnikom czasem sprawia dyskomfort :) <br>(W miar\u0119 mo\u017cliwo\u015bci, niech to nie b\u0119d\u0105 jednorazowe foliowe peleryny. Utrudniaj\u0105 poruszanie si\u0119, a w przypadku \u0142azikowania w terenie, po\u0142owa z nich zostaje na pierwszych napotkanych krzakach) <\/li>\n<!-- \/wp:list-item -->\n\n<!-- wp:list-item -->\n<li><strong>wygodne ubranie terenowe<\/strong>, kt\u00f3rego nie b\u0119dzie szkoda wybrudzi\u0107, a nawet uszkodzi\u0107 - niezale\u017cnie od wybranego pakietu zaj\u0119\u0107 mo\u017cecie si\u0119 spodziewa\u0107 bliskich spotka\u0144 z terenem, b\u0142otnistych \u015bcie\u017cek, zetkni\u0119cia z linami lub mokr\u0105 ska\u0142\u0105 przy wspinaczce. Zawsze mo\u017ce si\u0119 zdarzy\u0107 otarcie ubrania, zahaczenie lub wybrudzenie - lepiej niech nie spotka waszych najdro\u017cszych ciuch\u00f3w ;) Zreszt\u0105, w g\u00f3rach liczy si\u0119 wygoda, a nie moda.  <br>Co polecamy?<!-- wp:list -->\n<ul class=\"wp-block-list\"><!-- wp:list-item -->\n<li>spodnie - idealne na tak\u0105 okazj\u0119 s\u0105 wszelkiej ma\u015bci boj\u00f3wki <\/li>\n<!-- \/wp:list-item -->\n\n<!-- wp:list-item -->\n<li>g\u00f3ra - na ch\u0142odne pory roku bielizna termoaktywna, lu\u017ana bluza, na wierzch kurtka typu softshell. Na cieplejsz\u0105 pogod\u0119 wystarcza zwyk\u0142y t-shirt. <\/li>\n<!-- \/wp:list-item --><\/ul>\n<!-- \/wp:list --><\/li>\n<!-- \/wp:list-item -->\n\n<!-- wp:list-item -->\n<li><strong>niewielk\u0105 butelk\u0119 z napojem<\/strong>, najlepiej wod\u0105 - wiadomo, zawsze lepiej mie\u0107 ze sob\u0105, tak, jak nag\u0142e za\u0142amania pogody, tak i upa\u0142y zdarzaj\u0105 si\u0119 podczas naszych zaj\u0119\u0107, zw\u0142aszcza w szczycie sezonu, maju i czerwcu.  <\/li>\n<!-- \/wp:list-item -->\n\n<!-- wp:list-item -->\n<li><strong>cieplejszy ciuch<\/strong> - na wypadek za\u0142amania pogody i na zimne wieczory, w zupe\u0142no\u015bci wystarczy polar lub sweter, chyba, \u017ce jedziecie na wycieczk\u0119 jesieni\u0105 lub zim\u0105, wtedy przyda si\u0119 te\u017c ciep\u0142a kurtka.  <\/li>\n<!-- \/wp:list-item -->\n\n<!-- wp:list-item -->\n<li><strong>latark\u0119 na nocne wyprawy<\/strong> - absolutnie niezb\u0119dny przedmiot, nawet je\u015bli w programie nie wybrali\u015bcie nocnych wypraw. Latarka przydaje si\u0119 zawsze, podczas p\u00f3\u017aniejszych powrot\u00f3w do o\u015brodka albo podczas zwiedzania podziemnych pomieszcze\u0144.  <\/li>\n<!-- \/wp:list-item -->\n\n<!-- wp:list-item -->\n<li><\/li>\n<!-- \/wp:list-item --><\/ul>\n<!-- \/wp:list -->\n\n<!-- wp:buttons -->\n<div class=\"wp-block-buttons\"><!-- wp:button {\"backgroundColor\":\"very-light-gray\",\"textColor\":\"very-dark-gray\"} -->\n<div class=\"wp-block-button\"><a class=\"wp-block-button__link has-very-dark-gray-color has-very-light-gray-background-color has-text-color has-background wp-element-button\" href=\"#\">powr\u00f3t<\/a><\/div>\n<!-- \/wp:button --><\/div>\n<!-- \/wp:buttons -->\n\n<!-- wp:heading {\"fontSize\":\"large\"} -->\n<h2 class=\"wp-block-heading has-large-font-size\"><strong><a name=\"oboz\">OBOZY<\/a><\/strong> SILBERBERG:<\/h2>\n<!-- \/wp:heading -->\n\n<!-- wp:list -->\n<ul class=\"wp-block-list\"><!-- wp:list-item -->\n<li>\u015aPIW\u00d3R - nocleg w Warowni wymaga posiadania w\u0142asnego \u015bpiwora. Do dyspozycji go\u015bci s\u0105 r\u00f3wnie\u017c wojskowe we\u0142niane koce, prze\u015bcierad\u0142a oraz ma\u0142e poduszeczki.<\/li>\n<!-- \/wp:list-item -->\n\n<!-- wp:list-item -->\n<li><strong>miska, kubek, sztu\u0107ce<\/strong> - uczestnicy oboz\u00f3w i larp\u00f3w jedz\u0105 posi\u0142ki z w\u0142asnych naczy\u0144. Na obozy Silberberg w klimacie fantasy polecamy naczynia i kubeczki stylizowane wygl\u0105dem na historyczne - cynowe,      gliniane czy kamionkowe miski i kufelki, je\u015bli obawiacie si\u0119, czy si\u0119 nie      st\u0142uk\u0105 \u2013 zabierzcie drewnian\u0105 toczon\u0105 miseczk\u0119 czy drewniany kufelek. <br><strong>UWAGA<\/strong>!      <br>Na fabu\u0142\u0119 Silberberg (fantasy) nie bierzemy mena\u017cek harcerskich, naczy\u0144 ze stali nierdzewnej czy innych ewidentnie wsp\u00f3\u0142czesnych wynalazk\u00f3w.<\/li>\n<!-- \/wp:list-item --><\/ul>\n<!-- \/wp:list -->\n\n<!-- wp:heading {\"fontSize\":\"medium\"} -->\n<h2 class=\"wp-block-heading has-medium-font-size\">\u2705 <strong>STR\u00d3J:<\/strong><\/h2>\n<!-- \/wp:heading -->\n\n<!-- wp:paragraph -->\n<p>\nKa\u017cdy\nuczestnik mo\u017ce wypo\u017cyczy\u0107 podstawowy str\u00f3j fabularny. Jednak\ntrzeba pami\u0119ta\u0107, \u017ce str\u00f3j fabularny, czy to z przydzia\u0142u, czy\nw\u0142asny, najcz\u0119\u015bciej obejmuje warstw\u0119 wierzchni\u0105. Co najlepiej\ndobra\u0107 pod sp\u00f3d, aby nie robi\u0142o problem\u00f3w? <br>\nPrzede wszystkim\ndobierzcie rzeczy wygodne i w stonowanych kolorach, bez nadruk\u00f3w,\nodblask\u00f3w, chemicznych kolor\u00f3w. \n<\/p>\n<!-- \/wp:paragraph -->\n\n<!-- wp:list -->\n<ul class=\"wp-block-list\"><!-- wp:list-item -->\n<li> <strong>BUTY W TEREN<\/strong>, musz\u0105 by\u0107 wygodne, przynajmniej dwie pary, z czego jedna koniecznie typu g\u00f3rskiego na mocnej podeszwie, najlepiej ponad kostk\u0119. Aby wygl\u0105da\u0142y bardziej fantasy, mo\u017cna pomy\u015ble\u0107 o dodaniu cholewki sk\u00f3rzanej. <br> Stanowczo odradzamy buty sportowe, szczeg\u00f3lnie z odblaskami! <br> Na larpy Silberspace polecamy obuwie wojskowe lub trekkingowe.  <\/li>\n<!-- \/wp:list-item -->\n\n<!-- wp:list-item -->\n<li><strong>LEKKIE BUTY<\/strong> - w razie upa\u0142u lub do chodzenia po Warowni. Polecamy lekkie, sk\u00f3rzane sanda\u0142y.<\/li>\n<!-- \/wp:list-item -->\n\n<!-- wp:list-item -->\n<li><strong>SPODNIE<\/strong> - najlepsze b\u0119d\u0105 ciemne d\u017cinsy lub boj\u00f3wki, mog\u0105 by\u0107 tak\u017ce spodnie dresowe czy dla dziewcz\u0105t legginsy. Prosimy jednak unika\u0107 rozmaitych wsp\u00f3\u0142czesnych ozd\u00f3b, naszywek, logo, odblaskowych pask\u00f3w itp. \u2013 w po\u0142\u0105czeniu ze stylizowanym na \u015bredniowieczny strojem wierzchnim wygl\u0105daj\u0105 stanowczo \u017ale.<\/li>\n<!-- \/wp:list-item -->\n\n<!-- wp:list-item -->\n<li><strong>CO\u015a NA DESZCZ <\/strong>- tutaj bardzo mocno odradzamy wszelkie plastikowe i foliowe pelerynki \u2013 nie ma mo\u017cliwo\u015bci u\u017cywania takowej w czasie fabu\u0142y. Dobrym i do\u015b\u0107 tanim rozwi\u0105zaniem, kt\u00f3re polecamy serdecznie, s\u0105 harcerskie pa\u0142atki, czarne lub zielone, kt\u00f3re mo\u017cna kupi\u0107 w Internecie za ok. 20 z\u0142. Zasznurowanie pa\u0142atki w form\u0119 p\u0142aszcza z kapturem daje wygodne i stylowe wyko\u0144czenie stroju do gry. We\u0142niany p\u0142aszcz oczywi\u015bcie tak\u017ce doskonale si\u0119 sprawdzi.  <\/li>\n<!-- \/wp:list-item -->\n\n<!-- wp:list-item -->\n<li><strong>CIEPLEJSZY CIUCH<\/strong> - na wypadek za\u0142amania pogody i na zimne wieczory, w tej roli idealnie sprawdzi si\u0119 jednokolorowy polar lub sweter, o ile oczywi\u015bcie nie mamy we\u0142nianej tuniki.  <\/li>\n<!-- \/wp:list-item -->\n\n<!-- wp:list-item -->\n<li><strong>LEGITYMACJA  SZKOLNA LUB STUDENCKA <\/strong>\u2013      niezb\u0119dna podczas dojazdu, jak i w przypadku konieczno\u015bci wizyty w o\u015brodku      zdrowia.<\/li>\n<!-- \/wp:list-item --><\/ul>\n<!-- \/wp:list -->\n\n<!-- wp:heading {\"fontSize\":\"medium\"} -->\n<h2 class=\"wp-block-heading has-medium-font-size\">\u2705 <strong>DODATKI:<\/strong><\/h2>\n<!-- \/wp:heading -->\n\n<!-- wp:paragraph {\"style\":{\"typography\":{\"fontSize\":\"15px\"}}} -->\n<p style=\"font-size:15px\"> Opr\u00f3cz wygodnego stroju jest kilka drobiazg\u00f3w, kt\u00f3re bardzo poprawiaj\u0105 komfort gry. Szczeg\u00f3lnie polecamy:<\/p>\n<!-- \/wp:paragraph -->\n\n<!-- wp:list -->\n<ul class=\"wp-block-list\"><!-- wp:list-item -->\n<li> <strong>PASEK <\/strong>\u2013 na larpach fantasy to nieod\u0142\u0105czne uzupe\u0142nienie stroju, z paskiem ka\u017cda tunika wygl\u0105da bardziej stylowo, ale przede wszystkim przy pasku mo\u017cna zawiesi\u0107 mn\u00f3stwo drobiazg\u00f3w, jak kaletk\u0119 czy sakiewk\u0119 na monety, uchwyt na bro\u0144 albo no\u017cyk. Z kolei na larpach airsoft pasek b\u0119dzie niezb\u0119dny, \u017ceby przyczepi\u0107 \u0142adownic\u0119 czy kabur\u0119. <\/li>\n<!-- \/wp:list-item -->\n\n<!-- wp:list-item -->\n<li><strong>KALETKA\/ \u0141ADOWNICA <\/strong>\u2013 na larpy fantasy najbardziej polecamy takie historyczne, ale wiemy, \u017ce nie s\u0105 tanie. Ta\u0144sze odpowiedniki mo\u017cna zrobi\u0107 nawet z u\u017cywanej damskiej torebki, kt\u00f3rej doprawimy szlufki do zamontowania przy pasku. Na Silberspace przyda si\u0119 wojskowa \u0142adownica. Kaletka powinna zmie\u015bci\u0107 kilka podstawowych drobiazg\u00f3w \u2013 fabularny banda\u017c czy eliksir, chusteczki, zapa\u0142ki czy inne podr\u0119czne przedmioty.  <\/li>\n<!-- \/wp:list-item -->\n\n<!-- wp:list-item -->\n<li><strong>TORBA P\u00d3\u0141CIENNA<\/strong> \/ MA\u0141Y PLECACZEK \u2013 na larpach fantasy prosta torba zak\u0142adana na rami\u0119 to wi\u0119ksza wersja kaletki, mniej wygodna ale przydatna np. na terenie Warowni. Mo\u017cna tam wrzuci\u0107 r\u0119cznik i myd\u0142o, idac pod prysznic, butelk\u0119 z napojem czy cieplejszy ciuszek potrzebny na wart\u0119. W ten spos\u00f3b unikamy \u015bwiecenia wszem i wobec wsp\u00f3\u0142czesnymi przedmiotami, a to co potrzebne, mamy pod r\u0119k\u0105. <br><strong>PRZYDATNE DROBIAZGI<\/strong> \u2013 co zawsze si\u0119 przyda na warcie czy w obozie:<!-- wp:list -->\n<ul class=\"wp-block-list\"><!-- wp:list-item -->\n<li><strong>sznurek <\/strong>\u2013 awaryjnie do przymocowania czego\u015b  <\/li>\n<!-- \/wp:list-item -->\n\n<!-- wp:list-item -->\n<li><strong>no\u017cyk <\/strong>- do zastrugania patyka czy przyci\u0119cia sznurka  <\/li>\n<!-- \/wp:list-item -->\n\n<!-- wp:list-item -->\n<li><strong>zapa\u0142ki\/zapalniczka<\/strong> \u2013 podstawow\u0105 zdobyt\u0105 umiej\u0119tno\u015bci\u0105 b\u0119dzie rozpalanie ognia, a nie ma co liczy\u0107 na innych je\u015bli chodzi o po\u017cyczanie sprz\u0119tu  <\/li>\n<!-- \/wp:list-item -->\n\n<!-- wp:list-item -->\n<li><strong>\u015bwieczka <\/strong>\u2013 kiedy trzeba o\u015bwietli\u0107 sobie drog\u0119 albo u\u0142atwi\u0107 rozpalenie ognia  <\/li>\n<!-- \/wp:list-item -->\n\n<!-- wp:list-item -->\n<li><strong>zestaw do reperacji<\/strong> - nitka, ig\u0142a, sznurek, zapasowy guzik, drucik czy \u017cy\u0142ka - \u017ceby drobne sprawy nie stawa\u0142y si\u0119 problemem.  <\/li>\n<!-- \/wp:list-item -->\n\n<!-- wp:list-item -->\n<li><strong>chusta <\/strong>\u2013 wielofunkcyjny przedmiot, od zwi\u0105zania niesfornych w\u0142os\u00f3w, przez mocowanie rzeczy do u\u017cycia w przypadku nieszcz\u0119\u015bliwych przypadk\u00f3w np. skr\u0119cenia kostki.   <\/li>\n<!-- \/wp:list-item --><\/ul>\n<!-- \/wp:list --><\/li>\n<!-- \/wp:list-item -->\n\n<!-- wp:list-item -->\n<li><strong>\u015aWIAT\u0141O<\/strong>- na larpach Silberberg pos\u0142ugujemy si\u0119 wy\u0142\u0105cznie o\u015bwietleniem fabularnym, czyli stylizowanym na klimat fantasy (\u015bwiece, latarenki, lampiony). Otwarty ogie\u0144 nie jest dopuszczalny w domkach mieszkalnych, ale \u015bwieczki mog\u0105 si\u0119 przyda\u0107 w terenie. Nadadz\u0105 si\u0119 te\u017c r\u00f3\u017cne stylizowane latarnie elektryczne.<\/li>\n<!-- \/wp:list-item --><\/ul>\n<!-- \/wp:list -->\n\n<!-- wp:paragraph {\"fontSize\":\"medium\"} -->\n<p class=\"has-medium-font-size\"><strong>PAMI\u0118TAJ! To, jak si\u0119 ubierzesz w czasie gry, to nie jest tylko Twoja sprawa! <br>Inni gracze Ci\u0119 widz\u0105 i Tw\u00f3j str\u00f3j czy akcesoria wp\u0142ywaj\u0105 na ich odczucia estetyczne i klimat sceny. <\/strong><\/p>\n<!-- \/wp:paragraph -->\n\n<!-- wp:buttons -->\n<div class=\"wp-block-buttons\"><!-- wp:button {\"backgroundColor\":\"very-light-gray\",\"textColor\":\"very-dark-gray\"} -->\n<div class=\"wp-block-button\"><a class=\"wp-block-button__link has-very-dark-gray-color has-very-light-gray-background-color has-text-color has-background wp-element-button\" href=\"#\">powr\u00f3t<\/a><\/div>\n<!-- \/wp:button --><\/div>\n<!-- \/wp:buttons -->\n\n<!-- wp:heading {\"fontSize\":\"large\"} -->\n<h2 class=\"wp-block-heading has-large-font-size\"><strong><a name=\"nie\">LEPIEJ ZOSTAW W DOMU<\/a><\/strong><\/h2>\n<!-- \/wp:heading -->\n\n<!-- wp:paragraph -->\n<p>Wiesz ju\u017c, co zabra\u0107 w g\u00f3ry, wi\u0119c dodamy jeszcze list\u0119 tego, czego lepiej nie zabiera\u0107:<\/p>\n<!-- \/wp:paragraph -->\n\n<!-- wp:list -->\n<ul class=\"wp-block-list\"><!-- wp:list-item -->\n<li> <strong>drogie miejskie ciuchy i buty<\/strong> <br> W terenie zawsze mo\u017ce si\u0119 zdarzy\u0107, \u017ce ubranie si\u0119 wybrudzi czy nawet podrze. W g\u00f3rach ubranie ma by\u0107 przede wszystkim wygodne i odporne na warunki. Pami\u0119tajcie, \u017ce elegancja polega na tym, \u017ceby by\u0107 ubranym stosownie do sytuacji.  <\/li>\n<!-- \/wp:list-item -->\n\n<!-- wp:list-item -->\n<li><strong>elektroniczne gad\u017cety<\/strong><br> W razie potrzeby w Warowni i innych o\u015brodkach jest dost\u0119pne wi-fi, ale na pewno ka\u017cdemu dobrze zrobi odpoczynek od szklanych ekran\u00f3w. Zw\u0142aszcza, \u017ce warunki w terenie nigdy nie s\u0105 sterylne i nie odpowiadamy za sprz\u0119t zniszczony przez deszcz czy kurz.  <\/li>\n<!-- \/wp:list-item -->\n\n<!-- wp:list-item -->\n<li><strong>wysokopr\u0105dowe urz\u0105dzenia<\/strong> <br>Suszarki (s\u0105 dost\u0119pne na miejscu), grzejniki, g\u0142o\u015bniki i wszystko, co pobiera wi\u0119cej ni\u017c 1kW, grozi wywaleniem bezpiecznik\u00f3w.<\/li>\n<!-- \/wp:list-item --><\/ul>\n<!-- \/wp:list -->\n\n<!-- wp:heading {\"fontSize\":\"large\"} -->\n<h2 class=\"wp-block-heading has-large-font-size\"><strong><a name=\"dojazd\">JAK DOJECHA\u0106 DO WAROWNI:<\/a><\/strong><\/h2>\n<!-- \/wp:heading -->\n\n<!-- wp:paragraph {\"style\":{\"typography\":{\"fontSize\":\"15px\"}}} -->\n<p style=\"font-size:15px\"> Srebrna G\u00f3ra jest po\u0142o\u017cona na wysoko\u015bci oko\u0142o 600 m n.p.m., nie s\u0105 to wi\u0119c wysokie g\u00f3ry. Tym niemniej wybieraj\u0105cy si\u0119 do nas na wycieczk\u0119 powinni pami\u0119ta\u0107, \u017ce jednak s\u0105 to g\u00f3ry :) Zwykle bywa u nas nieco ch\u0142odniej, ni\u017c na ni\u017cej po\u0142o\u017conych terenach, a pogoda potrafi si\u0119 szybko zmienia\u0107. Sama miejscowo\u015b\u0107 co prawda jest bardzo urokliwym g\u00f3rskim miasteczkiem z brukowanymi uliczkami, ale wi\u0119kszo\u015b\u0107 naszych zaj\u0119\u0107 odbywa si\u0119 w terenie, w lesie, na bezdro\u017cach. Spodziewajcie si\u0119 zatem warunk\u00f3w terenowych.<\/p>\n<!-- \/wp:paragraph -->\n\n<!-- wp:paragraph -->\n<p>\u2705 Przy przyje\u017adzie prosimy kontaktowa\u0107 si\u0119 na numer 604522055 (Pawe\u0142 \u0141oza). Je\u015bli wcze\u015bniej Pa\u0144stwo tego nie podawali\u015bcie, b\u0119dziemy wdzi\u0119czni za kr\u00f3tk\u0105 informacj\u0119 co do orientacyjnej godziny Pa\u0144stwa przybycia (mo\u017ce by\u0107 sms) oraz<strong><u> kontakt telefoniczny do Pa\u0144stwa<\/u><\/strong>.<\/p>\n<!-- \/wp:paragraph -->\n\n<!-- wp:paragraph -->\n<p>\u2705 Szukaj\u0105c drogi mo\u017cecie nas znale\u017a\u0107 na mapie Google \u2013 wpiszcie \u201eWarownia Srebrna G\u00f3ra\u201d.<\/p>\n<!-- \/wp:paragraph -->\n\n<!-- wp:paragraph -->\n<p>Link do lokalizacji: <a href=\"https:\/\/goo.gl\/maps\/XiScqQK9rYAEa9yJ7\">WAROWNIA W GOOGLE<\/a><\/p>\n<!-- \/wp:paragraph -->\n\n<!-- wp:heading {\"fontSize\":\"medium\"} -->\n<h2 class=\"wp-block-heading has-medium-font-size\"><strong>DOJAZD PKP <\/strong><\/h2>\n<!-- \/wp:heading -->\n\n<!-- wp:paragraph -->\n<p>Wybieraj\u0105c dojazd kolejowy trzeba dojecha\u0107 do Wroc\u0142awia, a stamt\u0105d do miejscowo\u015bci Kamieniec Z\u0105bkowicki lub Bardo \u015al\u0105skie. Stamt\u0105d z kolei proponujemy podstawienie autobusu do Srebrnej G\u00f3ry, bo dalsza podr\u00f3\u017c b\u0119dzie wymaga\u0142a kombinowania z lokalnymi po\u0142\u0105czeniami bus.<\/p>\n<!-- \/wp:paragraph -->\n\n<!-- wp:heading {\"fontSize\":\"medium\"} -->\n<h2 class=\"wp-block-heading has-medium-font-size\"><strong>PKS z Wroc\u0142awia<\/strong><\/h2>\n<!-- \/wp:heading -->\n\n<!-- wp:paragraph -->\n<p>Mo\u017cna tak\u017ce dojecha\u0107 po\u0142\u0105czeniami PKS lub busem (np. Beskid) do Z\u0105bkowic \u015al\u0105skich, ale nie polecamy tego rozwi\u0105zania dla grup.<\/p>\n<!-- \/wp:paragraph -->\n\n<!-- wp:heading {\"fontSize\":\"medium\"} -->\n<h2 class=\"wp-block-heading has-medium-font-size\"><strong>AUTOKAR \/ SAMOCH\u00d3D<\/strong><\/h2>\n<!-- \/wp:heading -->\n\n<!-- wp:paragraph -->\n<p> do Srebrnej G\u00f3ry mo\u017cna dojecha\u0107 z dw\u00f3ch stron. G\u0142\u00f3wny dojazd prowadzi od drogi krajowej nr 8 (z Wroc\u0142awia do Kudowy Zdr\u00f3j) zjazdem w Z\u0105bkowicach na drog\u0119 nr 385 (przy zje\u017adzie s\u0105 te\u017c drogowskazy, prowadz\u0105ce na Twierdz\u0119 Srebrnog\u00f3rsk\u0105). Po dojechaniu do Srebrnej G\u00f3ry nale\u017cy kierowa\u0107 si\u0119 pod forty, przeje\u017cd\u017caj\u0105c przez ca\u0142\u0105 miejscowo\u015b\u0107, a\u017c do Prze\u0142\u0119czy Srebrnej. <br> Do Srebrnej mo\u017cna te\u017c dojecha\u0107 od strony Nowej Rudy (kierunek z Wa\u0142brzycha) drog\u0105 nr 385. Po drodze w Nowej Wsi znajduje si\u0119 do\u015b\u0107 niski wiadukt (oko\u0142o 3,5m), jednak wi\u0119kszo\u015b\u0107 du\u017cych autobus\u00f3w przeje\u017cd\u017ca pod nim bez problemu. Jad\u0105c z tamtego kierunku doje\u017cd\u017camy prosto na Prze\u0142\u0119cz Srebrn\u0105. <br>Z Prze\u0142\u0119czy skr\u0119camy w kierunku Twierdzy (jest tam zakaz wjazdu, ale nie dotyczy go\u015bci), ale zaraz po skr\u0119cie na rozje\u017adzie wybieramy drog\u0119 w lewo, wzd\u0142u\u017c siatkowego ogrodzenia, kt\u00f3re b\u0119dzie po lewej stronie. Do Warowni prowadzi asfaltowa droga, kt\u00f3r\u0105 jedziemy ok. 900 m., a\u017c po lewej stronie znajdziemy drewniane zabudowania i furtk\u0119 z napisem \"BAZA BIWAKOWA WAROWNIA\". <br>Nie posiadamy w\u0142asnego parkingu \u2013 samoch\u00f3d mo\u017cna zostawi\u0107 na poboczu drogi dojazdowej do Warowni (ul. Warowna).<\/p>\n<!-- \/wp:paragraph -->\n\n<!-- wp:paragraph -->\n<p><strong>Wynajem autobusu <\/strong><br>Je\u015bli chcecie zam\u00f3wi\u0107 transport dla swojej grupy, prosimy o kontakt na mail <a href=\"mailto:biuro@kortunal.com\">biuro@kortunal.com<\/a> <\/p>\n<!-- \/wp:paragraph -->\n\n<!-- wp:html -->\n<iframe src=\"https:\/\/www.google.com\/maps\/embed?pb=!1m18!1m12!1m3!1d2533.963142121243!2d16.633810215735785!3d50.57204937949233!2m3!1f0!2f0!3f0!3m2!1i1024!2i768!4f13.1!3m3!1m2!1s0x470e394ae0097ebd%3A0x67395c6a1e92afe7!2sWarownia%20(Kortunal%20-%20turystyka%20i%20przygoda)!5e0!3m2!1spl!2spl!4v1571438900976!5m2!1spl!2spl\" style=\"border:0;\" allowfullscreen=\"\" width=\"600\" height=\"450\" frameborder=\"0\"><\/iframe>\n<!-- \/wp:html -->\n\n<!-- wp:buttons -->\n<div class=\"wp-block-buttons\"><!-- wp:button {\"backgroundColor\":\"very-light-gray\",\"textColor\":\"very-dark-gray\"} -->\n<div class=\"wp-block-button\"><a class=\"wp-block-button__link has-very-dark-gray-color has-very-light-gray-background-color has-text-color has-background wp-element-button\" href=\"#\">powr\u00f3t<\/a><\/div>\n<!-- \/wp:button --><\/div>\n<!-- \/wp:buttons -->","_et_gb_content_width":"","footnotes":""},"categories":[13,12,10,11],"tags":[],"class_list":["post-48033","post","type-post","status-publish","format-standard","has-post-thumbnail","hentry","category-dla-obozowiczow","category-dla-rodzicow","category-obozy-larpowe","category-wycieczki-szkolne"],"yoast_head":"<!-- This site is optimized with the Yoast SEO plugin v27.5 - https:\/\/yoast.com\/product\/yoast-seo-wordpress\/ -->\n<title>NIEZB\u0118DNIK - Kortunal<\/title>\n<meta name=\"description\" content=\"Tu przeczytasz o tym, co zabra\u0107 w g\u00f3ry przyje\u017cdzaj\u0105c do Warowni - na wycieczk\u0119, na ob\u00f3z larpowy czy na imprez\u0119 integracyjn\u0105.\" \/>\n<meta name=\"robots\" content=\"index, follow, max-snippet:-1, max-image-preview:large, max-video-preview:-1\" \/>\n<link rel=\"canonical\" href=\"https:\/\/kortunal.com\/index.php\/2019\/12\/31\/co-zabrac-w-gory\/\" \/>\n<meta property=\"og:locale\" content=\"pl_PL\" \/>\n<meta property=\"og:type\" content=\"article\" \/>\n<meta property=\"og:title\" content=\"NIEZB\u0118DNIK - Kortunal\" \/>\n<meta property=\"og:description\" content=\"Tu przeczytasz o tym, co zabra\u0107 w g\u00f3ry przyje\u017cdzaj\u0105c do Warowni - na wycieczk\u0119, na ob\u00f3z larpowy czy na imprez\u0119 integracyjn\u0105.\" \/>\n<meta property=\"og:url\" content=\"https:\/\/kortunal.com\/index.php\/2019\/12\/31\/co-zabrac-w-gory\/\" \/>\n<meta property=\"og:site_name\" content=\"Kortunal\" \/>\n<meta property=\"article:published_time\" content=\"2019-12-31T10:39:50+00:00\" \/>\n<meta property=\"article:modified_time\" content=\"2025-12-30T13:21:59+00:00\" \/>\n<meta property=\"og:image\" content=\"https:\/\/kortunal.com\/wp-content\/uploads\/2024\/11\/hike-1312226_1280.jpg\" \/>\n\t<meta property=\"og:image:width\" content=\"1280\" \/>\n\t<meta property=\"og:image:height\" content=\"853\" \/>\n\t<meta property=\"og:image:type\" content=\"image\/jpeg\" \/>\n<meta name=\"author\" content=\"kichu\" \/>\n<meta name=\"twitter:card\" content=\"summary_large_image\" \/>\n<meta name=\"twitter:label1\" content=\"Napisane przez\" \/>\n\t<meta name=\"twitter:data1\" content=\"kichu\" \/>\n\t<meta name=\"twitter:label2\" content=\"Szacowany czas czytania\" \/>\n\t<meta name=\"twitter:data2\" content=\"9 minut\" \/>\n<script type=\"application\/ld+json\" class=\"yoast-schema-graph\">{\"@context\":\"https:\\\/\\\/schema.org\",\"@graph\":[{\"@type\":\"Article\",\"@id\":\"https:\\\/\\\/kortunal.com\\\/index.php\\\/2019\\\/12\\\/31\\\/co-zabrac-w-gory\\\/#article\",\"isPartOf\":{\"@id\":\"https:\\\/\\\/kortunal.com\\\/index.php\\\/2019\\\/12\\\/31\\\/co-zabrac-w-gory\\\/\"},\"author\":{\"name\":\"kichu\",\"@id\":\"https:\\\/\\\/kortunal.com\\\/#\\\/schema\\\/person\\\/7d9727324e3c4bf6b2a051944ec61a75\"},\"headline\":\"NIEZB\u0118DNIK\",\"datePublished\":\"2019-12-31T10:39:50+00:00\",\"dateModified\":\"2025-12-30T13:21:59+00:00\",\"mainEntityOfPage\":{\"@id\":\"https:\\\/\\\/kortunal.com\\\/index.php\\\/2019\\\/12\\\/31\\\/co-zabrac-w-gory\\\/\"},\"wordCount\":2767,\"image\":{\"@id\":\"https:\\\/\\\/kortunal.com\\\/index.php\\\/2019\\\/12\\\/31\\\/co-zabrac-w-gory\\\/#primaryimage\"},\"thumbnailUrl\":\"https:\\\/\\\/kortunal.com\\\/wp-content\\\/uploads\\\/2024\\\/11\\\/hike-1312226_1280.jpg\",\"articleSection\":[\"Dla obozowicz\u00f3w\",\"Dla rodzic\u00f3w\",\"Obozy larpowe\",\"Wycieczki szkolne\"],\"inLanguage\":\"pl-PL\"},{\"@type\":\"WebPage\",\"@id\":\"https:\\\/\\\/kortunal.com\\\/index.php\\\/2019\\\/12\\\/31\\\/co-zabrac-w-gory\\\/\",\"url\":\"https:\\\/\\\/kortunal.com\\\/index.php\\\/2019\\\/12\\\/31\\\/co-zabrac-w-gory\\\/\",\"name\":\"NIEZB\u0118DNIK - Kortunal\",\"isPartOf\":{\"@id\":\"https:\\\/\\\/kortunal.com\\\/#website\"},\"primaryImageOfPage\":{\"@id\":\"https:\\\/\\\/kortunal.com\\\/index.php\\\/2019\\\/12\\\/31\\\/co-zabrac-w-gory\\\/#primaryimage\"},\"image\":{\"@id\":\"https:\\\/\\\/kortunal.com\\\/index.php\\\/2019\\\/12\\\/31\\\/co-zabrac-w-gory\\\/#primaryimage\"},\"thumbnailUrl\":\"https:\\\/\\\/kortunal.com\\\/wp-content\\\/uploads\\\/2024\\\/11\\\/hike-1312226_1280.jpg\",\"datePublished\":\"2019-12-31T10:39:50+00:00\",\"dateModified\":\"2025-12-30T13:21:59+00:00\",\"author\":{\"@id\":\"https:\\\/\\\/kortunal.com\\\/#\\\/schema\\\/person\\\/7d9727324e3c4bf6b2a051944ec61a75\"},\"description\":\"Tu przeczytasz o tym, co zabra\u0107 w g\u00f3ry przyje\u017cdzaj\u0105c do Warowni - na wycieczk\u0119, na ob\u00f3z larpowy czy na imprez\u0119 integracyjn\u0105.\",\"breadcrumb\":{\"@id\":\"https:\\\/\\\/kortunal.com\\\/index.php\\\/2019\\\/12\\\/31\\\/co-zabrac-w-gory\\\/#breadcrumb\"},\"inLanguage\":\"pl-PL\",\"potentialAction\":[{\"@type\":\"ReadAction\",\"target\":[\"https:\\\/\\\/kortunal.com\\\/index.php\\\/2019\\\/12\\\/31\\\/co-zabrac-w-gory\\\/\"]}]},{\"@type\":\"ImageObject\",\"inLanguage\":\"pl-PL\",\"@id\":\"https:\\\/\\\/kortunal.com\\\/index.php\\\/2019\\\/12\\\/31\\\/co-zabrac-w-gory\\\/#primaryimage\",\"url\":\"https:\\\/\\\/kortunal.com\\\/wp-content\\\/uploads\\\/2024\\\/11\\\/hike-1312226_1280.jpg\",\"contentUrl\":\"https:\\\/\\\/kortunal.com\\\/wp-content\\\/uploads\\\/2024\\\/11\\\/hike-1312226_1280.jpg\",\"width\":1280,\"height\":853},{\"@type\":\"BreadcrumbList\",\"@id\":\"https:\\\/\\\/kortunal.com\\\/index.php\\\/2019\\\/12\\\/31\\\/co-zabrac-w-gory\\\/#breadcrumb\",\"itemListElement\":[{\"@type\":\"ListItem\",\"position\":1,\"name\":\"Strona g\u0142\u00f3wna\",\"item\":\"https:\\\/\\\/kortunal.com\\\/\"},{\"@type\":\"ListItem\",\"position\":2,\"name\":\"NIEZB\u0118DNIK\"}]},{\"@type\":\"WebSite\",\"@id\":\"https:\\\/\\\/kortunal.com\\\/#website\",\"url\":\"https:\\\/\\\/kortunal.com\\\/\",\"name\":\"Kortunal\",\"description\":\"Obozy i wycieczki pe\u0142ne przyg\u00f3d.\",\"potentialAction\":[{\"@type\":\"SearchAction\",\"target\":{\"@type\":\"EntryPoint\",\"urlTemplate\":\"https:\\\/\\\/kortunal.com\\\/?s={search_term_string}\"},\"query-input\":{\"@type\":\"PropertyValueSpecification\",\"valueRequired\":true,\"valueName\":\"search_term_string\"}}],\"inLanguage\":\"pl-PL\"},{\"@type\":\"Person\",\"@id\":\"https:\\\/\\\/kortunal.com\\\/#\\\/schema\\\/person\\\/7d9727324e3c4bf6b2a051944ec61a75\",\"name\":\"kichu\",\"image\":{\"@type\":\"ImageObject\",\"inLanguage\":\"pl-PL\",\"@id\":\"https:\\\/\\\/secure.gravatar.com\\\/avatar\\\/c37186a4a2edc0f7d7b31b24d61eeb2e566e8e01927137ad424511b41837349f?s=96&d=mm&r=g\",\"url\":\"https:\\\/\\\/secure.gravatar.com\\\/avatar\\\/c37186a4a2edc0f7d7b31b24d61eeb2e566e8e01927137ad424511b41837349f?s=96&d=mm&r=g\",\"contentUrl\":\"https:\\\/\\\/secure.gravatar.com\\\/avatar\\\/c37186a4a2edc0f7d7b31b24d61eeb2e566e8e01927137ad424511b41837349f?s=96&d=mm&r=g\",\"caption\":\"kichu\"},\"url\":\"https:\\\/\\\/kortunal.com\\\/index.php\\\/author\\\/kichu\\\/\"}]}<\/script>\n<!-- \/ Yoast SEO plugin. -->","yoast_head_json":{"title":"NIEZB\u0118DNIK - Kortunal","description":"Tu przeczytasz o tym, co zabra\u0107 w g\u00f3ry przyje\u017cdzaj\u0105c do Warowni - na wycieczk\u0119, na ob\u00f3z larpowy czy na imprez\u0119 integracyjn\u0105.","robots":{"index":"index","follow":"follow","max-snippet":"max-snippet:-1","max-image-preview":"max-image-preview:large","max-video-preview":"max-video-preview:-1"},"canonical":"https:\/\/kortunal.com\/index.php\/2019\/12\/31\/co-zabrac-w-gory\/","og_locale":"pl_PL","og_type":"article","og_title":"NIEZB\u0118DNIK - Kortunal","og_description":"Tu przeczytasz o tym, co zabra\u0107 w g\u00f3ry przyje\u017cdzaj\u0105c do Warowni - na wycieczk\u0119, na ob\u00f3z larpowy czy na imprez\u0119 integracyjn\u0105.","og_url":"https:\/\/kortunal.com\/index.php\/2019\/12\/31\/co-zabrac-w-gory\/","og_site_name":"Kortunal","article_published_time":"2019-12-31T10:39:50+00:00","article_modified_time":"2025-12-30T13:21:59+00:00","og_image":[{"width":1280,"height":853,"url":"https:\/\/kortunal.com\/wp-content\/uploads\/2024\/11\/hike-1312226_1280.jpg","type":"image\/jpeg"}],"author":"kichu","twitter_card":"summary_large_image","twitter_misc":{"Napisane przez":"kichu","Szacowany czas czytania":"9 minut"},"schema":{"@context":"https:\/\/schema.org","@graph":[{"@type":"Article","@id":"https:\/\/kortunal.com\/index.php\/2019\/12\/31\/co-zabrac-w-gory\/#article","isPartOf":{"@id":"https:\/\/kortunal.com\/index.php\/2019\/12\/31\/co-zabrac-w-gory\/"},"author":{"name":"kichu","@id":"https:\/\/kortunal.com\/#\/schema\/person\/7d9727324e3c4bf6b2a051944ec61a75"},"headline":"NIEZB\u0118DNIK","datePublished":"2019-12-31T10:39:50+00:00","dateModified":"2025-12-30T13:21:59+00:00","mainEntityOfPage":{"@id":"https:\/\/kortunal.com\/index.php\/2019\/12\/31\/co-zabrac-w-gory\/"},"wordCount":2767,"image":{"@id":"https:\/\/kortunal.com\/index.php\/2019\/12\/31\/co-zabrac-w-gory\/#primaryimage"},"thumbnailUrl":"https:\/\/kortunal.com\/wp-content\/uploads\/2024\/11\/hike-1312226_1280.jpg","articleSection":["Dla obozowicz\u00f3w","Dla rodzic\u00f3w","Obozy larpowe","Wycieczki szkolne"],"inLanguage":"pl-PL"},{"@type":"WebPage","@id":"https:\/\/kortunal.com\/index.php\/2019\/12\/31\/co-zabrac-w-gory\/","url":"https:\/\/kortunal.com\/index.php\/2019\/12\/31\/co-zabrac-w-gory\/","name":"NIEZB\u0118DNIK - Kortunal","isPartOf":{"@id":"https:\/\/kortunal.com\/#website"},"primaryImageOfPage":{"@id":"https:\/\/kortunal.com\/index.php\/2019\/12\/31\/co-zabrac-w-gory\/#primaryimage"},"image":{"@id":"https:\/\/kortunal.com\/index.php\/2019\/12\/31\/co-zabrac-w-gory\/#primaryimage"},"thumbnailUrl":"https:\/\/kortunal.com\/wp-content\/uploads\/2024\/11\/hike-1312226_1280.jpg","datePublished":"2019-12-31T10:39:50+00:00","dateModified":"2025-12-30T13:21:59+00:00","author":{"@id":"https:\/\/kortunal.com\/#\/schema\/person\/7d9727324e3c4bf6b2a051944ec61a75"},"description":"Tu przeczytasz o tym, co zabra\u0107 w g\u00f3ry przyje\u017cdzaj\u0105c do Warowni - na wycieczk\u0119, na ob\u00f3z larpowy czy na imprez\u0119 integracyjn\u0105.","breadcrumb":{"@id":"https:\/\/kortunal.com\/index.php\/2019\/12\/31\/co-zabrac-w-gory\/#breadcrumb"},"inLanguage":"pl-PL","potentialAction":[{"@type":"ReadAction","target":["https:\/\/kortunal.com\/index.php\/2019\/12\/31\/co-zabrac-w-gory\/"]}]},{"@type":"ImageObject","inLanguage":"pl-PL","@id":"https:\/\/kortunal.com\/index.php\/2019\/12\/31\/co-zabrac-w-gory\/#primaryimage","url":"https:\/\/kortunal.com\/wp-content\/uploads\/2024\/11\/hike-1312226_1280.jpg","contentUrl":"https:\/\/kortunal.com\/wp-content\/uploads\/2024\/11\/hike-1312226_1280.jpg","width":1280,"height":853},{"@type":"BreadcrumbList","@id":"https:\/\/kortunal.com\/index.php\/2019\/12\/31\/co-zabrac-w-gory\/#breadcrumb","itemListElement":[{"@type":"ListItem","position":1,"name":"Strona g\u0142\u00f3wna","item":"https:\/\/kortunal.com\/"},{"@type":"ListItem","position":2,"name":"NIEZB\u0118DNIK"}]},{"@type":"WebSite","@id":"https:\/\/kortunal.com\/#website","url":"https:\/\/kortunal.com\/","name":"Kortunal","description":"Obozy i wycieczki pe\u0142ne przyg\u00f3d.","potentialAction":[{"@type":"SearchAction","target":{"@type":"EntryPoint","urlTemplate":"https:\/\/kortunal.com\/?s={search_term_string}"},"query-input":{"@type":"PropertyValueSpecification","valueRequired":true,"valueName":"search_term_string"}}],"inLanguage":"pl-PL"},{"@type":"Person","@id":"https:\/\/kortunal.com\/#\/schema\/person\/7d9727324e3c4bf6b2a051944ec61a75","name":"kichu","image":{"@type":"ImageObject","inLanguage":"pl-PL","@id":"https:\/\/secure.gravatar.com\/avatar\/c37186a4a2edc0f7d7b31b24d61eeb2e566e8e01927137ad424511b41837349f?s=96&d=mm&r=g","url":"https:\/\/secure.gravatar.com\/avatar\/c37186a4a2edc0f7d7b31b24d61eeb2e566e8e01927137ad424511b41837349f?s=96&d=mm&r=g","contentUrl":"https:\/\/secure.gravatar.com\/avatar\/c37186a4a2edc0f7d7b31b24d61eeb2e566e8e01927137ad424511b41837349f?s=96&d=mm&r=g","caption":"kichu"},"url":"https:\/\/kortunal.com\/index.php\/author\/kichu\/"}]}},"_links":{"self":[{"href":"https:\/\/kortunal.com\/index.php\/wp-json\/wp\/v2\/posts\/48033","targetHints":{"allow":["GET"]}}],"collection":[{"href":"https:\/\/kortunal.com\/index.php\/wp-json\/wp\/v2\/posts"}],"about":[{"href":"https:\/\/kortunal.com\/index.php\/wp-json\/wp\/v2\/types\/post"}],"author":[{"embeddable":true,"href":"https:\/\/kortunal.com\/index.php\/wp-json\/wp\/v2\/users\/1"}],"replies":[{"embeddable":true,"href":"https:\/\/kortunal.com\/index.php\/wp-json\/wp\/v2\/comments?post=48033"}],"version-history":[{"count":36,"href":"https:\/\/kortunal.com\/index.php\/wp-json\/wp\/v2\/posts\/48033\/revisions"}],"predecessor-version":[{"id":50710,"href":"https:\/\/kortunal.com\/index.php\/wp-json\/wp\/v2\/posts\/48033\/revisions\/50710"}],"wp:featuredmedia":[{"embeddable":true,"href":"https:\/\/kortunal.com\/index.php\/wp-json\/wp\/v2\/media\/50021"}],"wp:attachment":[{"href":"https:\/\/kortunal.com\/index.php\/wp-json\/wp\/v2\/media?parent=48033"}],"wp:term":[{"taxonomy":"category","embeddable":true,"href":"https:\/\/kortunal.com\/index.php\/wp-json\/wp\/v2\/categories?post=48033"},{"taxonomy":"post_tag","embeddable":true,"href":"https:\/\/kortunal.com\/index.php\/wp-json\/wp\/v2\/tags?post=48033"}],"curies":[{"name":"wp","href":"https:\/\/api.w.org\/{rel}","templated":true}]}}