{"id":48040,"date":"2019-12-31T11:45:24","date_gmt":"2019-12-31T10:45:24","guid":{"rendered":"http:\/\/kortunal.com\/?p=48040"},"modified":"2024-11-28T17:46:29","modified_gmt":"2024-11-28T16:46:29","slug":"faq-obozy","status":"publish","type":"post","link":"https:\/\/kortunal.com\/index.php\/2019\/12\/31\/faq-obozy\/","title":{"rendered":"FAQ &#8211; REZERWACJA OBOZ\u00d3W"},"content":{"rendered":"\n<figure class=\"wp-block-image alignright size-large is-resized\"><img loading=\"lazy\" decoding=\"async\" width=\"431\" height=\"431\" src=\"http:\/\/kortunal.com\/wp-content\/uploads\/2020\/01\/rejestracja-kopia1.png\" alt=\"\" class=\"wp-image-48220\" style=\"width:207px;height:auto\" srcset=\"https:\/\/kortunal.com\/wp-content\/uploads\/2020\/01\/rejestracja-kopia1.png 431w, https:\/\/kortunal.com\/wp-content\/uploads\/2020\/01\/rejestracja-kopia1-300x300.png 300w, https:\/\/kortunal.com\/wp-content\/uploads\/2020\/01\/rejestracja-kopia1-150x150.png 150w\" sizes=\"(max-width: 431px) 100vw, 431px\" \/><\/figure>\n\n\n\n<p>\nKr\u00f3tkie FAQ, w kt\u00f3rym zawarli\u015bmy odpowiedzi na najcz\u0119stsze\npytania rodzic\u00f3w:<\/p>\n\n\n\n<p class=\"has-medium-font-size\"> <strong>1. Czy musz\u0119 wype\u0142nia\u0107 formularz internetowy?<\/strong><\/p>\n\n\n\n<p> Prosimy, KONIECZNIE wype\u0142nijcie formularz internetowy. Zamieszczone tam informacje (np. miejsce wyjazdu, nr pesel) s\u0105 naprawd\u0119 niezb\u0119dne dla organizacji wyjazdu. <br>Je\u015bli z jakich\u015b powod\u00f3w zupe\u0142nie nie mo\u017cecie wype\u0142ni\u0107 formularza, to prosimy o mail na rezerwacja@silberberg.pl. <br>Nie przyjmujemy rezerwacji telefonicznych. <\/p>\n\n\n\n<p class=\"has-medium-font-size\"><strong>  2. Czy dostan\u0119 potwierdzenie rezerwacji?<\/strong><\/p>\n\n\n\n<p> Po wys\u0142aniu\nformularza otrzymacie potwierdzenie wst\u0119pnej rezerwacji, wraz z\numow\u0105 i kart\u0105 uczestnika, na podany w nim adres e-mail. Je\u015bli po\nwys\u0142aniu formularza nie otrzymali\u015bcie potwierdzenia &#8211; sprawd\u017acie,\nczy podany przez Was mail by\u0142 prawid\u0142owy oraz sprawd\u017acie folder ze\nspamem. W razie problem\u00f3w z dzia\u0142aniem formularza (zdarzaj\u0105 si\u0119\nr\u00f3\u017cne b\u0142\u0119dy w skrypcie)  prosimy o informacj\u0119 na adres \n<a href=\"mailto:rezerwacja@silberberg.pl\">rezerwacja@silberberg.pl<\/a>\n.<\/p>\n\n\n\n<p class=\"has-medium-font-size\"><strong> 3. Kiedy moja wst\u0119pna rezerwacja jest wa\u017cna?<\/strong><\/p>\n\n\n\n<p> Otrzymanie potwierdzenia gwarantuje wst\u0119pn\u0105 rezerwacj\u0119.   NIKOGO NIE WYKRE\u015aLIMY z listy bez wcze\u015bniejszego kontaktu, ale je\u015bli nie otrzymamy odpowiedzi na nasze przypomnienia, to rezerwacja b\u0119dzie anulowana.  <\/p>\n\n\n\n<p class=\"has-medium-font-size\"><strong> 4. Co si\u0119 stanie, je\u015bli nie zd\u0105\u017c\u0119 wp\u0142aci\u0107 zaliczki na czas?<\/strong><\/p>\n\n\n\n<p> Po wst\u0119pnej\nrezerwacji wysy\u0142amy do Was pakiet dokument\u00f3w na podany w rezerwacji\nadres e-mail. Po otrzymaniu umowy zostaje 14 dni na wp\u0142at\u0119\nzaliczki. Je\u015bli zaliczka nie wp\u0142ynie, WST\u0118PNA REZERWACJA JEST\nAKTUALNA, ale b\u0119dziemy dzwoni\u0107 i pyta\u0107, czy j\u0105 podtrzymujecie\noraz poprosimy o wi\u0105\u017c\u0105cy termin wp\u0142aty zaliczki. Dopiero przy\ndalszym braku wp\u0142aty zaliczki rezerwacj\u0119 anulujemy. \n<\/p>\n\n\n\n<p class=\"has-medium-font-size\"><strong> 5. Co, je\u015bli nie dotr\u0105 do mnie dokumenty?<\/strong><\/p>\n\n\n\n<p>Wysy\u0142amy dokumenty\nza po\u015brednictwem e-maila, chyba, \u017ce \u017cycz\u0105 sobie Pa\u0144stwo\ndodatkow\u0105 wysy\u0142k\u0119 poczt\u0105 konwencjonaln\u0105. \n<\/p>\n\n\n\n<p> Je\u015bli dokumenty nie dotar\u0142y na skrzynk\u0119 e-mail, prosimy o kontakt  <a href=\"mailto:rezerwacja@silberberg.pl\">rezerwacja@silberberg.pl<\/a> , mo\u017ce to oznacza\u0107 b\u0142\u0119dnie podany w zg\u0142oszeniu adres, mail m\u00f3g\u0142 utkn\u0105\u0107 na filtrze antyspamowym lub z innych powod\u00f3w technicznych nie trafi\u0107 do adresata.<br> Je\u015bli problem dotyczy wysy\u0142ki papierowej &#8211; to najprawdopodobniej problem z poczt\u0105, w\u00f3wczas ponowimy wysy\u0142k\u0119.  <\/p>\n\n\n\n<p class=\"has-medium-font-size\"><strong> 6. Czy wysy\u0142acie potwierdzenie tak\u017ce po otrzymaniu przelewu?<\/strong><\/p>\n\n\n\n<p> Potwierdzeniem wp\u0142aty zaliczki jest DOW\u00d3D WP\u0141ATY\/PRZELEWU.  <br> Jest on dla nas wi\u0105\u017c\u0105cy i NIE WYSY\u0141AMY OSOBNYCH POTWIERDZE\u0143.   Gdyby zaliczka nie dotar\u0142a, b\u0119dziemy si\u0119 kontaktowa\u0107 telefonicznie i okazanie dowodu wp\u0142aty jest wystarczaj\u0105ce.  <\/p>\n\n\n\n<p class=\"has-medium-font-size\"><strong> 7. Co zrobi\u0107, je\u015bli nie ma ju\u017c miejsc na danym obozie?<\/strong><\/p>\n\n\n\n<p> Je\u015bli nie zd\u0105\u017cyli\u015bcie zarezerwowa\u0107 i na dany termin nie ma ju\u017c miejsc, prosimy zagl\u0105da\u0107 na nasz\u0105 stron\u0119. Zdarzaj\u0105 si\u0119 przypadki rezygnacji, wi\u0119c miejsca mog\u0105 si\u0119 jeszcze zwolni\u0107.  Zazwyczaj w formularzu udost\u0119pniamy tak\u017ce opcj\u0119 &#8222;zg\u0142oszenia na list\u0119 rezerwow\u0105&#8221;.<\/p>\n\n\n\n<p class=\"has-medium-font-size\"><strong> 8. Jestem osob\u0105 doros\u0142\u0105, czy powy\u017csze zasady te\u017c mnie dotycz\u0105?<\/strong><\/p>\n\n\n\n<p> Osoby pe\u0142noletnie\npodpisuj\u0105 umow\u0119 same za siebie, a procedura rezerwacji jest\npraktycznie taka sama. \n<\/p>\n","protected":false},"excerpt":{"rendered":"<p>Najcz\u0119stsze problemy przy rezerwacji oboz\u00f3w &#8211; zajrzyj do PYTA\u0143 I ODPOWIEDZI!<\/p>\n","protected":false},"author":1,"featured_media":49184,"comment_status":"closed","ping_status":"open","sticky":false,"template":"","format":"standard","meta":{"_et_pb_use_builder":"off","_et_pb_old_content":"","_et_gb_content_width":"","footnotes":""},"categories":[1],"tags":[],"class_list":["post-48040","post","type-post","status-publish","format-standard","has-post-thumbnail","hentry","category-bez-kategorii"],"yoast_head":"<!-- This site is optimized with the Yoast SEO plugin v27.5 - https:\/\/yoast.com\/product\/yoast-seo-wordpress\/ -->\n<title>FAQ - REZERWACJA OBOZ\u00d3W - Kortunal<\/title>\n<meta name=\"robots\" content=\"index, follow, max-snippet:-1, max-image-preview:large, max-video-preview:-1\" \/>\n<link rel=\"canonical\" href=\"https:\/\/kortunal.com\/index.php\/2019\/12\/31\/faq-obozy\/\" \/>\n<meta property=\"og:locale\" content=\"pl_PL\" \/>\n<meta property=\"og:type\" content=\"article\" \/>\n<meta property=\"og:title\" content=\"FAQ - REZERWACJA OBOZ\u00d3W - Kortunal\" \/>\n<meta property=\"og:description\" content=\"Najcz\u0119stsze problemy przy rezerwacji oboz\u00f3w - zajrzyj do PYTA\u0143 I ODPOWIEDZI!\" \/>\n<meta property=\"og:url\" content=\"https:\/\/kortunal.com\/index.php\/2019\/12\/31\/faq-obozy\/\" \/>\n<meta property=\"og:site_name\" content=\"Kortunal\" \/>\n<meta property=\"article:published_time\" content=\"2019-12-31T10:45:24+00:00\" \/>\n<meta property=\"article:modified_time\" content=\"2024-11-28T16:46:29+00:00\" \/>\n<meta property=\"og:image\" content=\"https:\/\/kortunal.com\/wp-content\/uploads\/2023\/01\/0168_fot.Rekografia.jpg\" \/>\n\t<meta property=\"og:image:width\" content=\"1200\" \/>\n\t<meta property=\"og:image:height\" content=\"800\" \/>\n\t<meta property=\"og:image:type\" content=\"image\/jpeg\" \/>\n<meta name=\"author\" content=\"kichu\" \/>\n<meta name=\"twitter:card\" content=\"summary_large_image\" \/>\n<meta name=\"twitter:label1\" content=\"Napisane przez\" \/>\n\t<meta name=\"twitter:data1\" content=\"kichu\" \/>\n\t<meta name=\"twitter:label2\" content=\"Szacowany czas czytania\" \/>\n\t<meta name=\"twitter:data2\" content=\"2 minuty\" \/>\n<script type=\"application\/ld+json\" class=\"yoast-schema-graph\">{\"@context\":\"https:\\\/\\\/schema.org\",\"@graph\":[{\"@type\":\"Article\",\"@id\":\"https:\\\/\\\/kortunal.com\\\/index.php\\\/2019\\\/12\\\/31\\\/faq-obozy\\\/#article\",\"isPartOf\":{\"@id\":\"https:\\\/\\\/kortunal.com\\\/index.php\\\/2019\\\/12\\\/31\\\/faq-obozy\\\/\"},\"author\":{\"name\":\"kichu\",\"@id\":\"https:\\\/\\\/kortunal.com\\\/#\\\/schema\\\/person\\\/7d9727324e3c4bf6b2a051944ec61a75\"},\"headline\":\"FAQ &#8211; REZERWACJA OBOZ\u00d3W\",\"datePublished\":\"2019-12-31T10:45:24+00:00\",\"dateModified\":\"2024-11-28T16:46:29+00:00\",\"mainEntityOfPage\":{\"@id\":\"https:\\\/\\\/kortunal.com\\\/index.php\\\/2019\\\/12\\\/31\\\/faq-obozy\\\/\"},\"wordCount\":480,\"image\":{\"@id\":\"https:\\\/\\\/kortunal.com\\\/index.php\\\/2019\\\/12\\\/31\\\/faq-obozy\\\/#primaryimage\"},\"thumbnailUrl\":\"https:\\\/\\\/kortunal.com\\\/wp-content\\\/uploads\\\/2023\\\/01\\\/0168_fot.Rekografia.jpg\",\"inLanguage\":\"pl-PL\"},{\"@type\":\"WebPage\",\"@id\":\"https:\\\/\\\/kortunal.com\\\/index.php\\\/2019\\\/12\\\/31\\\/faq-obozy\\\/\",\"url\":\"https:\\\/\\\/kortunal.com\\\/index.php\\\/2019\\\/12\\\/31\\\/faq-obozy\\\/\",\"name\":\"FAQ - REZERWACJA OBOZ\u00d3W - Kortunal\",\"isPartOf\":{\"@id\":\"https:\\\/\\\/kortunal.com\\\/#website\"},\"primaryImageOfPage\":{\"@id\":\"https:\\\/\\\/kortunal.com\\\/index.php\\\/2019\\\/12\\\/31\\\/faq-obozy\\\/#primaryimage\"},\"image\":{\"@id\":\"https:\\\/\\\/kortunal.com\\\/index.php\\\/2019\\\/12\\\/31\\\/faq-obozy\\\/#primaryimage\"},\"thumbnailUrl\":\"https:\\\/\\\/kortunal.com\\\/wp-content\\\/uploads\\\/2023\\\/01\\\/0168_fot.Rekografia.jpg\",\"datePublished\":\"2019-12-31T10:45:24+00:00\",\"dateModified\":\"2024-11-28T16:46:29+00:00\",\"author\":{\"@id\":\"https:\\\/\\\/kortunal.com\\\/#\\\/schema\\\/person\\\/7d9727324e3c4bf6b2a051944ec61a75\"},\"breadcrumb\":{\"@id\":\"https:\\\/\\\/kortunal.com\\\/index.php\\\/2019\\\/12\\\/31\\\/faq-obozy\\\/#breadcrumb\"},\"inLanguage\":\"pl-PL\",\"potentialAction\":[{\"@type\":\"ReadAction\",\"target\":[\"https:\\\/\\\/kortunal.com\\\/index.php\\\/2019\\\/12\\\/31\\\/faq-obozy\\\/\"]}]},{\"@type\":\"ImageObject\",\"inLanguage\":\"pl-PL\",\"@id\":\"https:\\\/\\\/kortunal.com\\\/index.php\\\/2019\\\/12\\\/31\\\/faq-obozy\\\/#primaryimage\",\"url\":\"https:\\\/\\\/kortunal.com\\\/wp-content\\\/uploads\\\/2023\\\/01\\\/0168_fot.Rekografia.jpg\",\"contentUrl\":\"https:\\\/\\\/kortunal.com\\\/wp-content\\\/uploads\\\/2023\\\/01\\\/0168_fot.Rekografia.jpg\",\"width\":1200,\"height\":800},{\"@type\":\"BreadcrumbList\",\"@id\":\"https:\\\/\\\/kortunal.com\\\/index.php\\\/2019\\\/12\\\/31\\\/faq-obozy\\\/#breadcrumb\",\"itemListElement\":[{\"@type\":\"ListItem\",\"position\":1,\"name\":\"Strona g\u0142\u00f3wna\",\"item\":\"https:\\\/\\\/kortunal.com\\\/\"},{\"@type\":\"ListItem\",\"position\":2,\"name\":\"FAQ &#8211; REZERWACJA OBOZ\u00d3W\"}]},{\"@type\":\"WebSite\",\"@id\":\"https:\\\/\\\/kortunal.com\\\/#website\",\"url\":\"https:\\\/\\\/kortunal.com\\\/\",\"name\":\"Kortunal\",\"description\":\"Obozy i wycieczki pe\u0142ne przyg\u00f3d.\",\"potentialAction\":[{\"@type\":\"SearchAction\",\"target\":{\"@type\":\"EntryPoint\",\"urlTemplate\":\"https:\\\/\\\/kortunal.com\\\/?s={search_term_string}\"},\"query-input\":{\"@type\":\"PropertyValueSpecification\",\"valueRequired\":true,\"valueName\":\"search_term_string\"}}],\"inLanguage\":\"pl-PL\"},{\"@type\":\"Person\",\"@id\":\"https:\\\/\\\/kortunal.com\\\/#\\\/schema\\\/person\\\/7d9727324e3c4bf6b2a051944ec61a75\",\"name\":\"kichu\",\"image\":{\"@type\":\"ImageObject\",\"inLanguage\":\"pl-PL\",\"@id\":\"https:\\\/\\\/secure.gravatar.com\\\/avatar\\\/c37186a4a2edc0f7d7b31b24d61eeb2e566e8e01927137ad424511b41837349f?s=96&d=mm&r=g\",\"url\":\"https:\\\/\\\/secure.gravatar.com\\\/avatar\\\/c37186a4a2edc0f7d7b31b24d61eeb2e566e8e01927137ad424511b41837349f?s=96&d=mm&r=g\",\"contentUrl\":\"https:\\\/\\\/secure.gravatar.com\\\/avatar\\\/c37186a4a2edc0f7d7b31b24d61eeb2e566e8e01927137ad424511b41837349f?s=96&d=mm&r=g\",\"caption\":\"kichu\"},\"url\":\"https:\\\/\\\/kortunal.com\\\/index.php\\\/author\\\/kichu\\\/\"}]}<\/script>\n<!-- \/ Yoast SEO plugin. -->","yoast_head_json":{"title":"FAQ - REZERWACJA OBOZ\u00d3W - Kortunal","robots":{"index":"index","follow":"follow","max-snippet":"max-snippet:-1","max-image-preview":"max-image-preview:large","max-video-preview":"max-video-preview:-1"},"canonical":"https:\/\/kortunal.com\/index.php\/2019\/12\/31\/faq-obozy\/","og_locale":"pl_PL","og_type":"article","og_title":"FAQ - REZERWACJA OBOZ\u00d3W - Kortunal","og_description":"Najcz\u0119stsze problemy przy rezerwacji oboz\u00f3w - zajrzyj do PYTA\u0143 I ODPOWIEDZI!","og_url":"https:\/\/kortunal.com\/index.php\/2019\/12\/31\/faq-obozy\/","og_site_name":"Kortunal","article_published_time":"2019-12-31T10:45:24+00:00","article_modified_time":"2024-11-28T16:46:29+00:00","og_image":[{"width":1200,"height":800,"url":"https:\/\/kortunal.com\/wp-content\/uploads\/2023\/01\/0168_fot.Rekografia.jpg","type":"image\/jpeg"}],"author":"kichu","twitter_card":"summary_large_image","twitter_misc":{"Napisane przez":"kichu","Szacowany czas czytania":"2 minuty"},"schema":{"@context":"https:\/\/schema.org","@graph":[{"@type":"Article","@id":"https:\/\/kortunal.com\/index.php\/2019\/12\/31\/faq-obozy\/#article","isPartOf":{"@id":"https:\/\/kortunal.com\/index.php\/2019\/12\/31\/faq-obozy\/"},"author":{"name":"kichu","@id":"https:\/\/kortunal.com\/#\/schema\/person\/7d9727324e3c4bf6b2a051944ec61a75"},"headline":"FAQ &#8211; REZERWACJA OBOZ\u00d3W","datePublished":"2019-12-31T10:45:24+00:00","dateModified":"2024-11-28T16:46:29+00:00","mainEntityOfPage":{"@id":"https:\/\/kortunal.com\/index.php\/2019\/12\/31\/faq-obozy\/"},"wordCount":480,"image":{"@id":"https:\/\/kortunal.com\/index.php\/2019\/12\/31\/faq-obozy\/#primaryimage"},"thumbnailUrl":"https:\/\/kortunal.com\/wp-content\/uploads\/2023\/01\/0168_fot.Rekografia.jpg","inLanguage":"pl-PL"},{"@type":"WebPage","@id":"https:\/\/kortunal.com\/index.php\/2019\/12\/31\/faq-obozy\/","url":"https:\/\/kortunal.com\/index.php\/2019\/12\/31\/faq-obozy\/","name":"FAQ - REZERWACJA OBOZ\u00d3W - Kortunal","isPartOf":{"@id":"https:\/\/kortunal.com\/#website"},"primaryImageOfPage":{"@id":"https:\/\/kortunal.com\/index.php\/2019\/12\/31\/faq-obozy\/#primaryimage"},"image":{"@id":"https:\/\/kortunal.com\/index.php\/2019\/12\/31\/faq-obozy\/#primaryimage"},"thumbnailUrl":"https:\/\/kortunal.com\/wp-content\/uploads\/2023\/01\/0168_fot.Rekografia.jpg","datePublished":"2019-12-31T10:45:24+00:00","dateModified":"2024-11-28T16:46:29+00:00","author":{"@id":"https:\/\/kortunal.com\/#\/schema\/person\/7d9727324e3c4bf6b2a051944ec61a75"},"breadcrumb":{"@id":"https:\/\/kortunal.com\/index.php\/2019\/12\/31\/faq-obozy\/#breadcrumb"},"inLanguage":"pl-PL","potentialAction":[{"@type":"ReadAction","target":["https:\/\/kortunal.com\/index.php\/2019\/12\/31\/faq-obozy\/"]}]},{"@type":"ImageObject","inLanguage":"pl-PL","@id":"https:\/\/kortunal.com\/index.php\/2019\/12\/31\/faq-obozy\/#primaryimage","url":"https:\/\/kortunal.com\/wp-content\/uploads\/2023\/01\/0168_fot.Rekografia.jpg","contentUrl":"https:\/\/kortunal.com\/wp-content\/uploads\/2023\/01\/0168_fot.Rekografia.jpg","width":1200,"height":800},{"@type":"BreadcrumbList","@id":"https:\/\/kortunal.com\/index.php\/2019\/12\/31\/faq-obozy\/#breadcrumb","itemListElement":[{"@type":"ListItem","position":1,"name":"Strona g\u0142\u00f3wna","item":"https:\/\/kortunal.com\/"},{"@type":"ListItem","position":2,"name":"FAQ &#8211; REZERWACJA OBOZ\u00d3W"}]},{"@type":"WebSite","@id":"https:\/\/kortunal.com\/#website","url":"https:\/\/kortunal.com\/","name":"Kortunal","description":"Obozy i wycieczki pe\u0142ne przyg\u00f3d.","potentialAction":[{"@type":"SearchAction","target":{"@type":"EntryPoint","urlTemplate":"https:\/\/kortunal.com\/?s={search_term_string}"},"query-input":{"@type":"PropertyValueSpecification","valueRequired":true,"valueName":"search_term_string"}}],"inLanguage":"pl-PL"},{"@type":"Person","@id":"https:\/\/kortunal.com\/#\/schema\/person\/7d9727324e3c4bf6b2a051944ec61a75","name":"kichu","image":{"@type":"ImageObject","inLanguage":"pl-PL","@id":"https:\/\/secure.gravatar.com\/avatar\/c37186a4a2edc0f7d7b31b24d61eeb2e566e8e01927137ad424511b41837349f?s=96&d=mm&r=g","url":"https:\/\/secure.gravatar.com\/avatar\/c37186a4a2edc0f7d7b31b24d61eeb2e566e8e01927137ad424511b41837349f?s=96&d=mm&r=g","contentUrl":"https:\/\/secure.gravatar.com\/avatar\/c37186a4a2edc0f7d7b31b24d61eeb2e566e8e01927137ad424511b41837349f?s=96&d=mm&r=g","caption":"kichu"},"url":"https:\/\/kortunal.com\/index.php\/author\/kichu\/"}]}},"_links":{"self":[{"href":"https:\/\/kortunal.com\/index.php\/wp-json\/wp\/v2\/posts\/48040","targetHints":{"allow":["GET"]}}],"collection":[{"href":"https:\/\/kortunal.com\/index.php\/wp-json\/wp\/v2\/posts"}],"about":[{"href":"https:\/\/kortunal.com\/index.php\/wp-json\/wp\/v2\/types\/post"}],"author":[{"embeddable":true,"href":"https:\/\/kortunal.com\/index.php\/wp-json\/wp\/v2\/users\/1"}],"replies":[{"embeddable":true,"href":"https:\/\/kortunal.com\/index.php\/wp-json\/wp\/v2\/comments?post=48040"}],"version-history":[{"count":6,"href":"https:\/\/kortunal.com\/index.php\/wp-json\/wp\/v2\/posts\/48040\/revisions"}],"predecessor-version":[{"id":50017,"href":"https:\/\/kortunal.com\/index.php\/wp-json\/wp\/v2\/posts\/48040\/revisions\/50017"}],"wp:featuredmedia":[{"embeddable":true,"href":"https:\/\/kortunal.com\/index.php\/wp-json\/wp\/v2\/media\/49184"}],"wp:attachment":[{"href":"https:\/\/kortunal.com\/index.php\/wp-json\/wp\/v2\/media?parent=48040"}],"wp:term":[{"taxonomy":"category","embeddable":true,"href":"https:\/\/kortunal.com\/index.php\/wp-json\/wp\/v2\/categories?post=48040"},{"taxonomy":"post_tag","embeddable":true,"href":"https:\/\/kortunal.com\/index.php\/wp-json\/wp\/v2\/tags?post=48040"}],"curies":[{"name":"wp","href":"https:\/\/api.w.org\/{rel}","templated":true}]}}