{"id":49281,"date":"2023-02-21T11:20:02","date_gmt":"2023-02-21T10:20:02","guid":{"rendered":"https:\/\/kortunal.com\/?p=49281"},"modified":"2024-11-29T21:16:46","modified_gmt":"2024-11-29T20:16:46","slug":"dziecko-teskni-na-obozie","status":"publish","type":"post","link":"https:\/\/kortunal.com\/index.php\/2023\/02\/21\/dziecko-teskni-na-obozie\/","title":{"rendered":"Urwisowa t\u0119sknota czyli Rodzicu, wytrzymaj!"},"content":{"rendered":"\n<p><\/p>\n\n\n\n<h2 class=\"wp-block-heading has-medium-font-size\">Obozowa t\u0119sknota &#8211; co robi\u0107 gdy dziecko t\u0119skni na obozie?<\/h2>\n\n\n\n<p>Tytu\u0142 oczywi\u015bcie jest z przymru\u017ceniem oka, a&nbsp; na zasygnalizowany w tytule problem nie ma ani jednej prawid\u0142owej ani prostej odpowiedzi.<\/p>\n\n\n\n<p>Ale zacznijmy od jasnego sformu\u0142owania problemu, kt\u00f3ry tak\u017ce na naszych obozach pojawia si\u0119 co roku:<\/p>\n\n\n\n<blockquote class=\"wp-block-quote has-medium-font-size is-layout-flow wp-block-quote-is-layout-flow\">\n<p>Dzieci, zw\u0142aszcza te, kt\u00f3re jad\u0105 na ob\u00f3z\/kolonie po raz pierwszy (albo i nie pierwszy) bez rodzic\u00f3w, czasami bardzo t\u0119skni\u0105. Zjawisko ca\u0142kiem normalne, cho\u0107 oczywi\u015bcie nie ka\u017cdego malucha dotyczy, ale stanowczo im dzieci m\u0142odsze, tym wi\u0119kszy odsetek zap\u0142akanych t\u0119sknotek, \u017c\u0105daj\u0105cych od rodzic\u00f3w zabrania ich do domu.<\/p>\n<\/blockquote>\n\n\n\n<p>A rodzice, kt\u00f3rych pociecha nale\u017cy w\u0142a\u015bnie do tych t\u0119skni\u0105cych, zadaj\u0105 sobie w zwi\u0105zku z tym liczne dramatyczne pytania.<\/p>\n\n\n\n<figure class=\"wp-block-image alignright is-resized\"><img loading=\"lazy\" decoding=\"async\" width=\"1024\" height=\"683\" src=\"https:\/\/kortunal.com\/wp-content\/uploads\/2023\/02\/0149_fot.Rekografia-1024x683.jpg\" alt=\"\" class=\"wp-image-49286\" style=\"width:504px;height:335px;margin-right:15px;margin-bottom:8px;\" srcset=\"https:\/\/kortunal.com\/wp-content\/uploads\/2023\/02\/0149_fot.Rekografia-1024x683.jpg 1024w, https:\/\/kortunal.com\/wp-content\/uploads\/2023\/02\/0149_fot.Rekografia-980x653.jpg 980w, https:\/\/kortunal.com\/wp-content\/uploads\/2023\/02\/0149_fot.Rekografia-480x320.jpg 480w\" sizes=\"(min-width: 0px) and (max-width: 480px) 480px, (min-width: 481px) and (max-width: 980px) 980px, (min-width: 981px) 1024px, 100vw\" \/><\/figure>\n\n\n\n<h2 class=\"wp-block-heading has-medium-font-size\"><strong>Kiedy dziecko jest gotowe na samodzielny wyjazd?<\/strong><\/h2>\n\n\n\n<p>I w dodatku \u2013 jak rozpozna\u0107, \u017ce jest gotowe. Trudna sprawa, oczywi\u015bcie nie jest tak, \u017ce jest jaki\u015b okre\u015blony wiek, od kt\u00f3rego ju\u017c wszystko b\u0119dzie ok. Nie ma. Bywa\u0142y u nas p\u0142acz\u0105ce i rozdygotane nawet 14-latki i bardzo dzielne i samodzielne 9-latki.<\/p>\n\n\n\n<p>Na pewno poprawi sytuacj\u0119 zestaw posiadanych umiej\u0119tno\u015bci, kt\u00f3ry pozwoli dziecku poczu\u0107 si\u0119 pewniej na samodzielnej wyprawie. Prozaiczne sprawy jak samodzielne przygotowanie kanapki, wzi\u0119cie prysznica czy ogarni\u0119cie ubrania si\u0119, nie m\u00f3wi\u0105c ju\u017c o korzystaniu z toalety, to podstawa. Wi\u0119c je\u015bli nasz bohater nie radzi sobie z tym za dobrze, to na wyje\u017adzie codzienne drobiazgi prawie na pewno urosn\u0105 do rangi powa\u017cnych problem\u00f3w.<\/p>\n\n\n\n<p>Ale r\u00f3wnie wa\u017cne s\u0105 umiej\u0119tno\u015bci mentalne. Samodzielny wyjazd wymaga umiej\u0119tno\u015bci komunikowania si\u0119, asertywno\u015bci i rozpoznawania reakcji innych. Dziecko musi umie\u0107 powiedzie\u0107, \u017ce co\u015b jest nie tak, nie tylko swoim rodzicom, ale tak\u017ce b\u0105d\u017a co b\u0105d\u017a obcym dla niego opiekunom.<\/p>\n\n\n\n<p>Nawet najbardziej wypasiona kolonia nigdy te\u017c nie b\u0119dzie dla dziecka r\u00f3wnie komfortowa, co dom rodzinny. Wyjazd wymaga tak\u017ce umiej\u0119tno\u015bci dostosowania si\u0119. Jedzenie b\u0119dzie troch\u0119 inne, \u0142\u00f3\u017cko mniej oswojone, otoczenie obce. Je\u015bli nigdy nie byli\u015bcie ze swoim maluchem na wyje\u017adzie i je\u015bli nie wiecie, jak reaguje na dyskomfort i nowo\u015bci w swoim \u017cyciu, to mo\u017ce lepiej zacz\u0105\u0107 bezpieczniej od wsp\u00f3lnego wyjazdu.<\/p>\n\n\n\n<p>Tu warto doda\u0107 jeszcze jedno \u2013 pierwszy wjazd powinien by\u0107 naprawd\u0119 dopasowany do oczekiwa\u0144 dziecka. Ono musi naprawd\u0119 chcie\u0107 pojecha\u0107. W dzisiejszych czasach na rynku mamy takie zatrz\u0119sienie r\u00f3\u017cnych ofert, \u017ce wybra\u0107 co\u015b tematycznie dopasowanego nie jest problemem. W rozmowie z dzieckiem bardzo wystrzegajmy si\u0119 narzucania mu w\u0142asnych oczekiwa\u0144, nawet bezwiednego. Bardzo \u017ale wyjdzie, je\u015bli dziecko powie, \u017ce chce, bo wydaje mu si\u0119, \u017ce mama chce, \u017ceby ono chcia\u0142o.  W kt\u00f3rym\u015b momencie dysonans mi\u0119dzy ch\u0119ci\u0105 spe\u0142niania oczekiwa\u0144, a w\u0142asnym komfortem mo\u017ce wybuchn\u0105\u0107 z nieproporcjonaln\u0105 si\u0142\u0105. <br>Inna sprawa, \u017ce nasz przyk\u0142adowy o\u015bmio- czy dziesi\u0119cioletni bohater, s\u0142uchaj\u0105c opisu wyjazdu, mo\u017ce reagowa\u0107 entuzjastycznie, bo przecie\u017c teraz w bezpiecznym domu, obok rodzic\u00f3w, w sytuacji komfortowej i nie zastanawia si\u0119 nad tym, ze b\u0119dzie t\u0119skni\u0142, tylko my\u015bli o wspania\u0142ej czekaj\u0105cej go przygodzie. <\/p>\n\n\n\n<h2 class=\"wp-block-heading has-medium-font-size\"><strong>Kontakt \u2013 kiedy, ile, jak<\/strong><\/h2>\n\n\n\n<p>No w\u0142a\u015bnie, w dzisiejszych czasach telefony mamy non stop przy sobie (jakim cudem prze\u017cyli\u015bmy nasze dzieci\u0144stwo bez nich\u2026? \ud83d\ude09 ) i \u017caden problem zapewni\u0107 dziecku ca\u0142odobowy kontakt ze sob\u0105\u2026. Tylko czy zawsze jest to dobry pomys\u0142?<\/p>\n\n\n\n<p>Trzeba pami\u0119ta\u0107, \u017ce dzieci w wieku 8-12 lat \u017cyj\u0105 emocj\u0105 chwili. Je\u015bli anga\u017cuj\u0105 si\u0119 w zabaw\u0119, to \u017cyj\u0105 t\u0105 zabaw\u0105 bez reszty, w ka\u017cdym razie dop\u00f3ki ona trwa. Je\u015bli przypominaj\u0105 sobie o tym, \u017ce t\u0119skni\u0105, to t\u0119skni\u0105 ka\u017cd\u0105 cz\u0105stk\u0105 urwisowej psychiki\u2026 dop\u00f3ki nie zapomn\u0105, \u017ce t\u0119skni\u0105.<\/p>\n\n\n\n<p>Bardzo cz\u0119sto obserwujemy zjawisko rozklejania si\u0119 przy rozmowach z domem, kt\u00f3re to zjawisko pot\u0119guje si\u0119 wieczorami lub w momentach, gdy przez chwil\u0119 jest nieco wi\u0119cej czasu na rozmy\u015blania. Bywa i tak, \u017ce telefon do domu jest naj\u0142atwiejsz\u0105 reakcj\u0105, p\u00f3j\u015bciem po linii najmniejszego oporu. Przy pojawieniu si\u0119 dowolnego problemu, od k\u0142\u00f3tni z kole\u017cank\u0105 po obcieraj\u0105ce buty, a zw\u0142aszcza przy stresie zwi\u0105zanym z poznawaniem nowych ludzi i znalezieniem si\u0119 w obcym \u015brodowisku telefon do domu to furtka do ucieczki od tych problem\u00f3w. Krok wstecz na bezpieczny grunt. Jasne, czasem to pomaga, nasz urwis odbiera wsparcie i czuje si\u0119 bezpieczniej. Ale czesto prowadzi do poczucia, \u017ce rodzic rozwi\u0105\u017ce problem. Rzecz w tym, \u017ce daleko nie wszystkie problemy da si\u0119 rozwi\u0105za\u0107 za kogo\u015b. Przecie\u017c nie da si\u0119 prze\u017cy\u0107 \u017cycia za nasze dzieci \ud83d\ude41 <br>Najbardziej ekstremalne sytuacje ko\u0144cz\u0105 si\u0119 na rozkr\u0119ceniu problemu do poziomu histerii, zupe\u0142nie nieproporcjonalnej do jakichkolwiek rzeczywistych k\u0142opot\u00f3w.<\/p>\n\n\n\n<p>Co z tym mo\u017cna zrobi\u0107? Ca\u0142kiem dobrym rozwi\u0105zaniem mo\u017ce by\u0107 telefon o okre\u015blonej porze, ale odradzaliby\u015bmy jednak wiecz\u00f3r, bo to najbardziej \u201ep\u0142aczogenna\u201d pora dnia.<\/p>\n\n\n\n<h2 class=\"wp-block-heading has-medium-font-size\"><strong>Dziecko p\u0142acze \u2013 czy powinni\u015bmy zabra\u0107 je do domu.<\/strong><\/h2>\n\n\n\n<p>No dobra, my\u015bleli\u015bmy, \u017ce b\u0119dzie ok., a tu codziennie w telefonie fontanna rozpaczy\u2026 I co teraz? Tym bardziej, \u017ce mo\u017cna si\u0119 za\u0142ama\u0107 s\u0142ysz\u0105c non stop swoje zrozpaczone dzieci\u0119!<\/p>\n\n\n\n<p>Zn\u00f3w niestety nie ma prostej odpowiedzi. Na pewno najgorsz\u0105 rzecz\u0105 jest natychmiastowe zabranie dziecka z wyjazdu. Cho\u0107 oczywi\u015bcie pierwszym, co wpada do g\u0142owy Rodzicowi,&nbsp; jest pojecha\u0107 tam, zagry\u017a\u0107 wychowawc\u00f3w i uratowa\u0107 malucha \ud83d\ude09 . Ale r\u00f3wnie problematyczn\u0105 reakcj\u0105 b\u0119dzie lekcewa\u017cenie urwisowej rozpaczy.<\/p>\n\n\n\n<p>Wiadomo, warto s\u0142ucha\u0107. Pyta\u0107. Traktowa\u0107 powa\u017cnie to, co dziecko m\u00f3wi, ale te\u017c pami\u0119tajmy, \u017ce dla ma\u0142ego cz\u0142owieka ma\u0142e problemy to wielkie problemy, a tygodniowy wyjazd to niemal wieczno\u015b\u0107! Katalizatorami nieszcz\u0119\u015bcia bywa niesmakuj\u0105cy kotlet, krzywe spojrzenie kole\u017canki albo niewygodne ubranie. I warto, aby nasz bohater w\u0142a\u015bnie wykorzysta\u0142 t\u0119 okazj\u0119 do nauki pokonywania takich problem\u00f3w, z nasz\u0105 pomoc\u0105 i inspiracj\u0105. Ma\u0142e problemy s\u0105 do pokonania.<br>Prawdziw\u0105 przyczyn\u0105 jednak niemal zawsze b\u0119dzie najnormalniejsza pod s\u0142o\u0144cem t\u0119sknota.<\/p>\n\n\n\n<p><strong>Jak pozna\u0107, \u017ce naprawd\u0119 dzieje si\u0119 co\u015b z\u0142ego i co wtedy robi\u0107<\/strong><\/p>\n\n\n\n<figure class=\"wp-block-image alignright size-large is-resized\"><img loading=\"lazy\" decoding=\"async\" width=\"1024\" height=\"683\" src=\"https:\/\/kortunal.com\/wp-content\/uploads\/2023\/02\/0034_fot.-Rekografia-1024x683.jpg\" alt=\"\" class=\"wp-image-49287\" style=\"width:558px;height:371px;margin-right:15px;margin-bottom:8px;\" srcset=\"https:\/\/kortunal.com\/wp-content\/uploads\/2023\/02\/0034_fot.-Rekografia-1024x683.jpg 1024w, https:\/\/kortunal.com\/wp-content\/uploads\/2023\/02\/0034_fot.-Rekografia-980x653.jpg 980w, https:\/\/kortunal.com\/wp-content\/uploads\/2023\/02\/0034_fot.-Rekografia-480x320.jpg 480w\" sizes=\"(min-width: 0px) and (max-width: 480px) 480px, (min-width: 481px) and (max-width: 980px) 980px, (min-width: 981px) 1024px, 100vw\" \/><\/figure>\n\n\n\n<p>Jasne, czasem jednak to, co dziecko nam opowiada, wcale nie wygl\u0105da na ma\u0142y problem. Prze\u015bladowanie przez r\u00f3wie\u015bnik\u00f3w, problem zdrowotny, niew\u0142a\u015bciwie zachowania wychowawcy\u2026 Tak, to wszystko si\u0119 zdarza. I co wtedy?<\/p>\n\n\n\n<p>Najlepiej zacz\u0105\u0107 od zweryfikowania tych informacji. Idealnie, je\u015bli na tym samym wyje\u017adzie s\u0105 jakie\u015b znajome dzieci i mo\u017cna zapyta\u0107 innych rodzic\u00f3w, czy maj\u0105 podobne problemy. Je\u015bli nie ma znajomych, to przy wyje\u017adzie warto ich zdoby\u0107. Na pewno spotkamy innych rodzic\u00f3w na miejscu zbi\u00f3rki, wymienienie si\u0119 numerami telefon\u00f3w \u201ena wypadek\u201d to bardzo dobra praktyka.<\/p>\n\n\n\n<p>Druga sprawa to powiadomienie wychowawc\u00f3w lub (je\u015bli problem dotyczy wychowawc\u00f3w) organizatora. To oni s\u0105 na miejscu i mog\u0105 zareagowa\u0107 natychmiast. Je\u015bli nasza pociecha ma problem z komunikacj\u0105, to prawdopodobnie opiekunowie mog\u0105 nie wiedzie\u0107, \u017ce jaki\u015b k\u0142opot istnieje.<\/p>\n\n\n\n<p>Oczywi\u015bcie, w razie powa\u017cnej sytuacji, przyjazd do dziecka jest jak najbardziej uzasadniony.<\/p>\n\n\n\n<h2 class=\"wp-block-heading has-medium-font-size\"><strong>Daj szans\u0119 &nbsp;opiekunom<\/strong><\/h2>\n\n\n\n<p>W og\u00f3le \u2013 nawet je\u015bli m\u00f3wimy o ma\u0142ych problemach, to ta komunikacja ma kapitalne znaczenie. Zw\u0142aszcza w ostatnich czasach, odosobnienie covidowe sprawi\u0142o, \u017ce bardzo wiele dzieci ma problem z m\u00f3wieniem wprost o tym, \u017ce co\u015b jest nie tak. Rodzi si\u0119 w ten spos\u00f3b masa nieporozumie\u0144. Wychowawcy oczywi\u015bcie obserwuj\u0105 dzieci, ale przecie\u017c nie przez 100% czasu, nie s\u0105 z nimi w toalecie ani nie mieszkaj\u0105 w domku. Je\u015bli ju\u017c jest tak, \u017ce nasz bohater ma problem z m\u00f3wieniem o swoich k\u0142opotach komukolwiek innemu ni\u017c Rodzice, to ostatnia nadzieja jest w tym, ze Rodzice przeka\u017c\u0105 temat we w\u0142a\u015bciwie miejsce. Tylko, \u017ceby to mog\u0142o podzia\u0142a\u0107, to trzeba to zrobi\u0107 zanim przyjedziemy odebra\u0107 bohatera z wyjazdu.<\/p>\n\n\n\n<h2 class=\"wp-block-heading has-medium-font-size\"><strong>Co, kiedy ju\u017c przyjedziemy.<\/strong><\/h2>\n\n\n\n<p>Rodzice cz\u0119sto pr\u00f3buj\u0105 wybra\u0107 rozwi\u0105zanie po\u015brednie. Przyje\u017cd\u017caj\u0105 \u201ew odwiedziny\u201d, aby sprawdzi\u0107, czy problem jest faktycznie powa\u017cny, z my\u015bl\u0105, \u017ce ich chwilowa obecno\u015b\u0107 z\u0142agodzi t\u0119sknot\u0119.<\/p>\n\n\n\n<p>Czasem si\u0119 to udaje, cho\u0107 i tutaj tkwi pewna pu\u0142apka, a nawet kilka.<\/p>\n\n\n\n<p>Po pierwsze pojawienie si\u0119 rodzic\u00f3w w otoczeniu natychmiast prze\u0142amuje rzeczywisto\u015b\u0107. Dla t\u0119skni\u0105cych dzieci nie ma nic wa\u017cniejszego, wszystko inne przestaje istnie\u0107. Efekt psychologiczny jest tak silny, \u017ce najcz\u0119\u015bciej nie chc\u0105 nawet s\u0142ysze\u0107 o tym, \u017ce mia\u0142yby tu zosta\u0107 d\u0142u\u017cej bez rodzic\u00f3w. Mo\u017ce si\u0119 okaza\u0107, \u017ce to, co mia\u0142o z\u0142agodzi\u0107 problem, tylko go pogorszy.<\/p>\n\n\n\n<p>Pojawia si\u0119 te\u017c jeszcze inna zale\u017cno\u015b\u0107.<\/p>\n\n\n\n<p>Bardzo cz\u0119sto, aby uzasadni\u0107 rodzicom \u201ezawracanie g\u0142owy\u201d swoj\u0105 t\u0119sknot\u0105, dzieci przedstawiaj\u0105 r\u00f3\u017cne swoje problemy jako bardzo powa\u017cne. Ma\u0142a sprzeczka z koleg\u0105 b\u0119dzie zatem ju\u017c prawdziw\u0105 wojn\u0105, ten nieszcz\u0119sny but co najmniej urywa nog\u0119, a jedzenie jest nie do jedzenia.<\/p>\n\n\n\n<p>Gdy rodzic ju\u017c przyjedzie na miejsce, czyli potraktuje powa\u017cnie to, co dziecko przekaza\u0142o przez telefon, bardzo trudnym dla dziecka b\u0119dzie nagle z\u0142agodzenie tonu i przyznanie, \u017ce mo\u017ce troch\u0119 przesadzi\u0142o. Oczywi\u015bcie kluczowe tutaj s\u0105 relacje rodzica z dzieckiem i nie zawsze ta zale\u017cno\u015b\u0107 si\u0119 pojawia. Jednak na tyle cz\u0119sto, by wzi\u0105\u0107 j\u0105 powa\u017cnie pod uwag\u0119. W du\u017cej cz\u0119\u015bci przypadk\u00f3w gdy rodzic przyje\u017cd\u017ca, to rozpacz urwisa si\u0119 pot\u0119guje. Wszystkie problemy rosn\u0105 jeszcze bardziej, aby sta\u0107 si\u0119 odpowiednim uzasadnieniem dla \u201ezmarnowanego\u201d rodzicielskiego czasu.<\/p>\n\n\n\n<p>Warto uwa\u017ca\u0107 na te pu\u0142apki.<\/p>\n\n\n\n<h2 class=\"wp-block-heading has-medium-font-size\"><strong>Koniec ko\u0144c\u00f3w dziecko zapami\u0119ta tylko te dobre rzeczy?<\/strong><\/h2>\n\n\n\n<p>No nie do ko\u0144ca. Wspominaj\u0105c w\u0142asne dzieci\u0144stwo na pewno ka\u017cdy z nas przypomina sobie mn\u00f3stwo interpersonalnych drobiazg\u00f3w, ma\u0142ych zadr, kt\u00f3re na zawsze utkwi\u0142y nam w pami\u0119ci. Z\u0142e s\u0142owo czy nawet b\u00f3jka, jaka\u015b kr\u0119puj\u0105ca sytuacja, stres, wstyd, czasem strach. Prze\u017cyli\u015bmy to (bez telefon\u00f3w! \ud83d\ude09 ), a dzisiaj wiemy, \u017ce w wi\u0119kszo\u015bci by\u0142y to jednak drobiazgi.<\/p>\n\n\n\n<figure class=\"wp-block-image alignright size-large is-resized\"><img loading=\"lazy\" decoding=\"async\" width=\"1024\" height=\"683\" src=\"https:\/\/kortunal.com\/wp-content\/uploads\/2023\/02\/0070_fot.Rekografia-1024x683.jpg\" alt=\"\" class=\"wp-image-49288\" style=\"width:602px;height:401px;margin-right:15px;margin-bottom:8px;\" srcset=\"https:\/\/kortunal.com\/wp-content\/uploads\/2023\/02\/0070_fot.Rekografia-1024x683.jpg 1024w, https:\/\/kortunal.com\/wp-content\/uploads\/2023\/02\/0070_fot.Rekografia-980x653.jpg 980w, https:\/\/kortunal.com\/wp-content\/uploads\/2023\/02\/0070_fot.Rekografia-480x320.jpg 480w\" sizes=\"(min-width: 0px) and (max-width: 480px) 480px, (min-width: 481px) and (max-width: 980px) 980px, (min-width: 981px) 1024px, 100vw\" \/><\/figure>\n\n\n\n<p>Czy je\u015bli jednak te drobiazgi maj\u0105 naszemu bohaterowi psu\u0107 rado\u015b\u0107 z wyjazdu\u2026 to czy na pewno warto? Tak jak napisali\u015bmy na samym pocz\u0105tku \u2013 nie ma jednej dobrej odpowiedzi na to pytanie. By\u0107 mo\u017ce, je\u015bli rozpacz i t\u0119sknota naszego malucha zaczyna przy\u0107miewa\u0107 jego rado\u015b\u0107 z zabawy, to mo\u017ce to jednak jeszcze nie czas i warto spr\u00f3bowa\u0107 za rok.<\/p>\n\n\n\n<p>Wszystko, co napisali\u015bmy powy\u017cej, to wynik naszej pracy z dzieciakami. W dniu pisania tego tekstu to&nbsp; ju\u017c \u0107wier\u0107 wieku organizowania oboz\u00f3w aktywnych dla ma\u0142ych bohater\u00f3w.<\/p>\n\n\n\n<p>Jasna sprawa, nie ma co kierowac si\u0119 tylko jedn\u0105 opini\u0105. Zach\u0119camy do poszukania w necie innych artyku\u0142\u00f3w i poczytania, bo na ten temat napisano ju\u017c ca\u0142kiem sporo. Zajrzyjcie te\u017c tutaj -&gt; poni\u017cej kilka przyk\u0142adowych link\u00f3w:<\/p>\n\n\n\n<ul class=\"wp-block-list\">\n<li><a href=\"https:\/\/ug.edu.pl\/news\/pl\/1631\/psycholog-ug-pierwszy-wyjazd-na-kolonie-gotowosc-dziecka\">https:\/\/ug.edu.pl\/news\/pl\/1631\/psycholog-ug-pierwszy-wyjazd-na-kolonie-gotowosc-dziecka<\/a><br><a href=\"https:\/\/trojka.polskieradio.pl\/artykul\/2769111\">https:\/\/trojka.polskieradio.pl\/artykul\/2769111<\/a><\/li>\n\n\n\n<li><a href=\"https:\/\/parenting.pl\/mamo-zabierz-mnie-stad-dlaczego-dzieci-chca-wracac-z-kolonii\">https:\/\/parenting.pl\/mamo-zabierz-mnie-stad-dlaczego-dzieci-chca-wracac-z-kolonii<\/a><\/li>\n\n\n\n<li><a href=\"https:\/\/nowiny24.pl\/wakacje-bez-rodzicow-rady-psychologa\/ar\/5766501\">https:\/\/nowiny24.pl\/wakacje-bez-rodzicow-rady-psychologa\/ar\/5766501<\/a><\/li>\n<\/ul>\n\n\n\n<p>Mnogo\u015b\u0107 opinii, jakie znajdziecie, \u015bwiadczy przede wszystkim o tym, \u017ce dzieci\u0119ca t\u0119sknota na pierwszych wyjazdach jest zjawiskiem absolutnie normalnym, niekoniecznie zawinionym przez kogokolwiek. Trzeba si\u0119 ni\u0105 oczywi\u015bcie przejmowa\u0107, jak wszystkim, co prze\u017cywaj\u0105 nasze dzieci, ale z zachowaniem proporcji i  tak, aby nie dorobi\u0107 sobie ani naszym bohaterom niepotrzebnych z\u0142ych emocji \ud83d\ude42 <\/p>\n\n\n\n<div class=\"wp-block-media-text is-stacked-on-mobile\" style=\"grid-template-columns:32% auto\"><figure class=\"wp-block-media-text__media\"><a href=\"https:\/\/kortunal.com\/index.php\/2019\/12\/31\/silberberg-urwis\/\"><img loading=\"lazy\" decoding=\"async\" width=\"800\" height=\"800\" src=\"https:\/\/kortunal.com\/wp-content\/uploads\/2019\/12\/0046_fot.Rekografia.jpg\" alt=\"\" class=\"wp-image-48275 size-full\" srcset=\"https:\/\/kortunal.com\/wp-content\/uploads\/2019\/12\/0046_fot.Rekografia.jpg 800w, https:\/\/kortunal.com\/wp-content\/uploads\/2019\/12\/0046_fot.Rekografia-480x480.jpg 480w\" sizes=\"(min-width: 0px) and (max-width: 480px) 480px, (min-width: 481px) 800px, 100vw\" \/><\/a><\/figure><div class=\"wp-block-media-text__content\">\n<p>Dla najm\u0142odszych &#8211; t\u0119skni\u0105cych i nie-t\u0119skni\u0105cych &#8211; dedykujemy nasz super przygodowy ob\u00f3z dla ma\u0142ych bohater\u00f3w <a href=\"https:\/\/kortunal.com\/index.php\/2019\/12\/31\/silberberg-urwis\/\">URWIS <\/a><\/p>\n\n\n\n<p>Tutaj szczeg\u00f3lnie zwracamy uwag\u0119 na emocje i problemy najm\u0142odszych &#8211; pomagaj\u0105 nam te emocje, kt\u00f3re kreujemy za pomoc\u0105 fabularnych przyg\u00f3d! <\/p>\n<\/div><\/div>\n","protected":false},"excerpt":{"rendered":"<p>Dzieci, zw\u0142aszcza te, kt\u00f3re jad\u0105 na ob\u00f3z\/kolonie po raz pierwszy (albo i nie pierwszy) bez rodzic\u00f3w, czasami bardzo t\u0119skni\u0105. Czy dziecko jest gotowe na samodzielny wyjazd&#8230;?  <\/p>\n","protected":false},"author":2,"featured_media":48275,"comment_status":"closed","ping_status":"open","sticky":false,"template":"","format":"standard","meta":{"_et_pb_use_builder":"off","_et_pb_old_content":"<!-- wp:paragraph -->\n<p><\/p>\n<!-- \/wp:paragraph -->\n\n<!-- wp:heading {\"fontSize\":\"medium\"} -->\n<h2 class=\"wp-block-heading has-medium-font-size\">Obozowa t\u0119sknota - co robi\u0107 gdy dziecko t\u0119skni na wyje\u017adzie?<\/h2>\n<!-- \/wp:heading -->\n\n<!-- wp:paragraph -->\n<p>Tytu\u0142 oczywi\u015bcie jest z przymru\u017ceniem oka, a\u00a0 na zasygnalizowany w tytule problem nie ma ani jednej prawid\u0142owej ani prostej odpowiedzi.<\/p>\n<!-- \/wp:paragraph -->\n\n<!-- wp:paragraph -->\n<p>Ale zacznijmy od jasnego sformu\u0142owania problemu, kt\u00f3ry tak\u017ce na naszych obozach pojawia si\u0119 co roku:<\/p>\n<!-- \/wp:paragraph -->\n\n<!-- wp:quote {\"fontSize\":\"medium\"} -->\n<blockquote class=\"wp-block-quote has-medium-font-size\"><!-- wp:paragraph -->\n<p>Dzieci, zw\u0142aszcza te, kt\u00f3re jad\u0105 na ob\u00f3z\/kolonie po raz pierwszy (albo i nie pierwszy) bez rodzic\u00f3w, czasami bardzo t\u0119skni\u0105. Zjawisko ca\u0142kiem normalne, cho\u0107 oczywi\u015bcie nie ka\u017cdego malucha dotyczy, ale stanowczo im dzieci m\u0142odsze, tym wi\u0119kszy odsetek zap\u0142akanych t\u0119sknotek, \u017c\u0105daj\u0105cych od rodzic\u00f3w zabrania ich do domu.<\/p>\n<!-- \/wp:paragraph --><\/blockquote>\n<!-- \/wp:quote -->\n\n<!-- wp:paragraph -->\n<p>A rodzice, kt\u00f3rych pociecha nale\u017cy w\u0142a\u015bnie do tych t\u0119skni\u0105cych, zadaj\u0105 sobie w zwi\u0105zku z tym liczne dramatyczne pytania.<\/p>\n<!-- \/wp:paragraph -->\n\n<!-- wp:html -->\n<figure class=\"wp-block-image alignright is-resized\"><img src=\"https:\/\/kortunal.com\/wp-content\/uploads\/2023\/02\/0149_fot.Rekografia-1024x683.jpg\" alt=\"\" class=\"wp-image-49286\" style=\"width:504px;height:335px;margin-right:15px;margin-bottom:8px;\"\/><\/figure>\n<!-- \/wp:html -->\n\n<!-- wp:heading {\"fontSize\":\"medium\"} -->\n<h2 class=\"wp-block-heading has-medium-font-size\"><strong>Kiedy dziecko jest gotowe na samodzielny wyjazd?<\/strong><\/h2>\n<!-- \/wp:heading -->\n\n<!-- wp:paragraph -->\n<p>I w dodatku \u2013 jak rozpozna\u0107, \u017ce jest gotowe. Trudna sprawa, oczywi\u015bcie nie jest tak, \u017ce jest jaki\u015b okre\u015blony wiek, od kt\u00f3rego ju\u017c wszystko b\u0119dzie ok. Nie ma. Bywa\u0142y u nas p\u0142acz\u0105ce i rozdygotane nawet 14-latki i bardzo dzielne i samodzielne 9-latki.<\/p>\n<!-- \/wp:paragraph -->\n\n<!-- wp:paragraph -->\n<p>Na pewno poprawi sytuacj\u0119 zestaw posiadanych umiej\u0119tno\u015bci, kt\u00f3ry pozwoli dziecku poczu\u0107 si\u0119 pewniej na samodzielnej wyprawie. Prozaiczne sprawy jak samodzielne przygotowanie kanapki, wzi\u0119cie prysznica czy ogarni\u0119cie ubrania si\u0119, nie m\u00f3wi\u0105c ju\u017c o korzystaniu z toalety, to podstawa. Wi\u0119c je\u015bli nasz bohater nie radzi sobie z tym za dobrze, to na wyje\u017adzie codzienne drobiazgi prawie na pewno urosn\u0105 do rangi powa\u017cnych problem\u00f3w.<\/p>\n<!-- \/wp:paragraph -->\n\n<!-- wp:paragraph -->\n<p>Ale r\u00f3wnie wa\u017cne s\u0105 umiej\u0119tno\u015bci mentalne. Samodzielny wyjazd wymaga umiej\u0119tno\u015bci komunikowania si\u0119, asertywno\u015bci i rozpoznawania reakcji innych. Dziecko musi umie\u0107 powiedzie\u0107, \u017ce co\u015b jest nie tak, nie tylko swoim rodzicom, ale tak\u017ce b\u0105d\u017a co b\u0105d\u017a obcym dla niego opiekunom.<\/p>\n<!-- \/wp:paragraph -->\n\n<!-- wp:paragraph -->\n<p>Nawet najbardziej wypasiona kolonia nigdy te\u017c nie b\u0119dzie dla dziecka r\u00f3wnie komfortowa, co dom rodzinny. Wyjazd wymaga tak\u017ce umiej\u0119tno\u015bci dostosowania si\u0119. Jedzenie b\u0119dzie troch\u0119 inne, \u0142\u00f3\u017cko mniej oswojone, otoczenie obce. Je\u015bli nigdy nie byli\u015bcie ze swoim maluchem na wyje\u017adzie i je\u015bli nie wiecie, jak reaguje na dyskomfort i nowo\u015bci w swoim \u017cyciu, to mo\u017ce lepiej zacz\u0105\u0107 bezpieczniej od wsp\u00f3lnego wyjazdu.<\/p>\n<!-- \/wp:paragraph -->\n\n<!-- wp:paragraph -->\n<p>Tu warto doda\u0107 jeszcze jedno \u2013 pierwszy wjazd powinien by\u0107 naprawd\u0119 dopasowany do oczekiwa\u0144 dziecka. Ono musi naprawd\u0119 chcie\u0107 pojecha\u0107. W dzisiejszych czasach na rynku mamy takie zatrz\u0119sienie r\u00f3\u017cnych ofert, \u017ce wybra\u0107 co\u015b tematycznie dopasowanego nie jest problemem. W rozmowie z dzieckiem bardzo wystrzegajmy si\u0119 narzucania mu w\u0142asnych oczekiwa\u0144, nawet bezwiednego. Bardzo \u017ale wyjdzie, je\u015bli dziecko powie, \u017ce chce, bo wydaje mu si\u0119, \u017ce mama chce, \u017ceby ono chcia\u0142o.  W kt\u00f3rym\u015b momencie dysonans mi\u0119dzy ch\u0119ci\u0105 spe\u0142niania oczekiwa\u0144, a w\u0142asnym komfortem mo\u017ce wybuchn\u0105\u0107 z nieproporcjonaln\u0105 si\u0142\u0105. <br>Inna sprawa, \u017ce nasz przyk\u0142adowy o\u015bmio- czy dziesi\u0119cioletni bohater, s\u0142uchaj\u0105c opisu wyjazdu, mo\u017ce reagowa\u0107 entuzjastycznie, bo przecie\u017c teraz w bezpiecznym domu, obok rodzic\u00f3w, w sytuacji komfortowej i nie zastanawia si\u0119 nad tym, ze b\u0119dzie t\u0119skni\u0142, tylko my\u015bli o wspania\u0142ej czekaj\u0105cej go przygodzie. <\/p>\n<!-- \/wp:paragraph -->\n\n<!-- wp:paragraph -->\n<p><strong>Kontakt \u2013 kiedy, ile, jak<\/strong><\/p>\n<!-- \/wp:paragraph -->\n\n<!-- wp:paragraph -->\n<p>No w\u0142a\u015bnie, w dzisiejszych czasach telefony mamy non stop przy sobie (jakim cudem prze\u017cyli\u015bmy nasze dzieci\u0144stwo bez nich\u2026? \ud83d\ude09 ) i \u017caden problem zapewni\u0107 dziecku ca\u0142odobowy kontakt ze sob\u0105\u2026. Tylko czy zawsze jest to dobry pomys\u0142?<\/p>\n<!-- \/wp:paragraph -->\n\n<!-- wp:paragraph -->\n<p>Trzeba pami\u0119ta\u0107, \u017ce dzieci w wieku 8-12 lat \u017cyj\u0105 emocj\u0105 chwili. Je\u015bli anga\u017cuj\u0105 si\u0119 w zabaw\u0119, to \u017cyj\u0105 t\u0105 zabaw\u0105 bez reszty, w ka\u017cdym razie dop\u00f3ki ona trwa. Je\u015bli przypominaj\u0105 sobie o tym, \u017ce t\u0119skni\u0105, to t\u0119skni\u0105 ka\u017cd\u0105 cz\u0105stk\u0105 urwisowej psychiki\u2026 dop\u00f3ki nie zapomn\u0105, \u017ce t\u0119skni\u0105.<\/p>\n<!-- \/wp:paragraph -->\n\n<!-- wp:paragraph -->\n<p>Bardzo cz\u0119sto obserwujemy zjawisko rozklejania si\u0119 przy rozmowach z domem, kt\u00f3re to zjawisko pot\u0119guje si\u0119 wieczorami lub w momentach, gdy przez chwil\u0119 jest nieco wi\u0119cej czasu na rozmy\u015blania. Bywa i tak, \u017ce telefon do domu jest naj\u0142atwiejsz\u0105 reakcj\u0105, p\u00f3j\u015bciem po linii najmniejszego oporu. Przy pojawieniu si\u0119 dowolnego problemu, od k\u0142\u00f3tni z kole\u017cank\u0105 po obcieraj\u0105ce buty, a zw\u0142aszcza przy stresie zwi\u0105zanym z poznawaniem nowych ludzi i znalezieniem si\u0119 w obcym \u015brodowisku telefon do domu to furtka do ucieczki od tych problem\u00f3w. Krok wstecz na bezpieczny grunt. Jasne, czasem to pomaga, nasz urwis odbiera wsparcie i czuje si\u0119 bezpieczniej. Ale czesto prowadzi do poczucia, \u017ce rodzic rozwi\u0105\u017ce problem. Rzecz w tym, \u017ce daleko nie wszystkie problemy da si\u0119 rozwi\u0105za\u0107 za kogo\u015b. Przecie\u017c nie da si\u0119 prze\u017cy\u0107 \u017cycia za nasze dzieci :( <br>Najbardziej ekstremalne sytuacje ko\u0144cz\u0105 si\u0119 na rozkr\u0119ceniu problemu do poziomu histerii, zupe\u0142nie nieproporcjonalnej do jakichkolwiek rzeczywistych k\u0142opot\u00f3w.<\/p>\n<!-- \/wp:paragraph -->\n\n<!-- wp:paragraph -->\n<p>Co z tym mo\u017cna zrobi\u0107? Ca\u0142kiem dobrym rozwi\u0105zaniem mo\u017ce by\u0107 telefon o okre\u015blonej porze, ale odradzaliby\u015bmy jednak wiecz\u00f3r, bo to najbardziej \u201ep\u0142aczogenna\u201d pora dnia.<\/p>\n<!-- \/wp:paragraph -->\n\n<!-- wp:paragraph -->\n<p><strong>Dziecko p\u0142acze \u2013 czy powinni\u015bmy zabra\u0107 je do domu.<\/strong><\/p>\n<!-- \/wp:paragraph -->\n\n<!-- wp:paragraph -->\n<p>No dobra, my\u015bleli\u015bmy, \u017ce b\u0119dzie ok., a tu codziennie w telefonie fontanna rozpaczy\u2026 I co teraz? Tym bardziej, \u017ce mo\u017cna si\u0119 za\u0142ama\u0107 s\u0142ysz\u0105c non stop swoje zrozpaczone dzieci\u0119!<\/p>\n<!-- \/wp:paragraph -->\n\n<!-- wp:paragraph -->\n<p>Zn\u00f3w niestety nie ma prostej odpowiedzi. Na pewno najgorsz\u0105 rzecz\u0105 jest natychmiastowe zabranie dziecka z wyjazdu. Cho\u0107 oczywi\u015bcie pierwszym, co wpada do g\u0142owy Rodzicowi,\u00a0 jest pojecha\u0107 tam, zagry\u017a\u0107 wychowawc\u00f3w i uratowa\u0107 malucha \ud83d\ude09 . Ale r\u00f3wnie problematyczn\u0105 reakcj\u0105 b\u0119dzie lekcewa\u017cenie urwisowej rozpaczy.<\/p>\n<!-- \/wp:paragraph -->\n\n<!-- wp:paragraph -->\n<p>Wiadomo, warto s\u0142ucha\u0107. Pyta\u0107. Traktowa\u0107 powa\u017cnie to, co dziecko m\u00f3wi, ale te\u017c pami\u0119tajmy, \u017ce dla ma\u0142ego cz\u0142owieka ma\u0142e problemy to wielkie problemy, a tygodniowy wyjazd to niemal wieczno\u015b\u0107! Katalizatorami nieszcz\u0119\u015bcia bywa niesmakuj\u0105cy kotlet, krzywe spojrzenie kole\u017canki albo niewygodne ubranie. I warto, aby nasz bohater w\u0142a\u015bnie wykorzysta\u0142 t\u0119 okazj\u0119 do nauki pokonywania takich problem\u00f3w, z nasz\u0105 pomoc\u0105 i inspiracj\u0105. Ma\u0142e problemy s\u0105 do pokonania.<br>Prawdziw\u0105 przyczyn\u0105 jednak niemal zawsze b\u0119dzie najnormalniejsza pod s\u0142o\u0144cem t\u0119sknota.<\/p>\n<!-- \/wp:paragraph -->\n\n<!-- wp:paragraph -->\n<p><strong>Jak pozna\u0107, \u017ce naprawd\u0119 dzieje si\u0119 co\u015b z\u0142ego i co wtedy robi\u0107<\/strong><\/p>\n<!-- \/wp:paragraph -->\n\n<!-- wp:html -->\n<figure class=\"wp-block-image alignright size-large is-resized\"><img src=\"https:\/\/kortunal.com\/wp-content\/uploads\/2023\/02\/0034_fot.-Rekografia-1024x683.jpg\" alt=\"\" class=\"wp-image-49287\" style=\"width:558px;height:371px;margin-right:15px;margin-bottom:8px;\"\/><\/figure>\n<!-- \/wp:html -->\n\n<!-- wp:paragraph -->\n<p>Jasne, czasem jednak to, co dziecko nam opowiada, wcale nie wygl\u0105da na ma\u0142y problem. Prze\u015bladowanie przez r\u00f3wie\u015bnik\u00f3w, problem zdrowotny, niew\u0142a\u015bciwie zachowania wychowawcy\u2026 Tak, to wszystko si\u0119 zdarza. I co wtedy?<\/p>\n<!-- \/wp:paragraph -->\n\n<!-- wp:paragraph -->\n<p>Najlepiej zacz\u0105\u0107 od zweryfikowania tych informacji. Idealnie, je\u015bli na tym samym wyje\u017adzie s\u0105 jakie\u015b znajome dzieci i mo\u017cna zapyta\u0107 innych rodzic\u00f3w, czy maj\u0105 podobne problemy. Je\u015bli nie ma znajomych, to przy wyje\u017adzie warto ich zdoby\u0107. Na pewno spotkamy innych rodzic\u00f3w na miejscu zbi\u00f3rki, wymienienie si\u0119 numerami telefon\u00f3w \u201ena wypadek\u201d to bardzo dobra praktyka.<\/p>\n<!-- \/wp:paragraph -->\n\n<!-- wp:paragraph -->\n<p>Druga sprawa to powiadomienie wychowawc\u00f3w lub (je\u015bli problem dotyczy wychowawc\u00f3w) organizatora. To oni s\u0105 na miejscu i mog\u0105 zareagowa\u0107 natychmiast. Je\u015bli nasza pociecha ma problem z komunikacj\u0105, to prawdopodobnie opiekunowie mog\u0105 nie wiedzie\u0107, \u017ce jaki\u015b k\u0142opot istnieje.<\/p>\n<!-- \/wp:paragraph -->\n\n<!-- wp:paragraph -->\n<p>Oczywi\u015bcie, w razie powa\u017cnej sytuacji, przyjazd do dziecka jest jak najbardziej uzasadniony.<\/p>\n<!-- \/wp:paragraph -->\n\n<!-- wp:heading {\"fontSize\":\"medium\"} -->\n<h2 class=\"wp-block-heading has-medium-font-size\"><strong>Daj szans\u0119 &nbsp;opiekunom<\/strong><\/h2>\n<!-- \/wp:heading -->\n\n<!-- wp:paragraph -->\n<p>W og\u00f3le \u2013 nawet je\u015bli m\u00f3wimy o ma\u0142ych problemach, to ta komunikacja ma kapitalne znaczenie. Zw\u0142aszcza w ostatnich czasach, odosobnienie covidowe sprawi\u0142o, \u017ce bardzo wiele dzieci ma problem z m\u00f3wieniem wprost o tym, \u017ce co\u015b jest nie tak. Rodzi si\u0119 w ten spos\u00f3b masa nieporozumie\u0144. Wychowawcy oczywi\u015bcie obserwuj\u0105 dzieci, ale przecie\u017c nie przez 100% czasu, nie s\u0105 z nimi w toalecie ani nie mieszkaj\u0105 w domku. Je\u015bli ju\u017c jest tak, \u017ce nasz bohater ma problem z m\u00f3wieniem o swoich k\u0142opotach komukolwiek innemu ni\u017c Rodzice, to ostatnia nadzieja jest w tym, ze Rodzice przeka\u017c\u0105 temat we w\u0142a\u015bciwie miejsce. Tylko, \u017ceby to mog\u0142o podzia\u0142a\u0107, to trzeba to zrobi\u0107 zanim przyjedziemy odebra\u0107 bohatera z wyjazdu.<\/p>\n<!-- \/wp:paragraph -->\n\n<!-- wp:heading {\"fontSize\":\"medium\"} -->\n<h2 class=\"wp-block-heading has-medium-font-size\"><strong>Co, kiedy ju\u017c przyjedziemy.<\/strong><\/h2>\n<!-- \/wp:heading -->\n\n<!-- wp:paragraph -->\n<p>Rodzice cz\u0119sto pr\u00f3buj\u0105 wybra\u0107 rozwi\u0105zanie po\u015brednie. Przyje\u017cd\u017caj\u0105 \u201ew odwiedziny\u201d, aby sprawdzi\u0107, czy problem jest faktycznie powa\u017cny, z my\u015bl\u0105, \u017ce ich chwilowa obecno\u015b\u0107 z\u0142agodzi t\u0119sknot\u0119.<\/p>\n<!-- \/wp:paragraph -->\n\n<!-- wp:paragraph -->\n<p>Czasem si\u0119 to udaje, cho\u0107 i tutaj tkwi pewna pu\u0142apka, a nawet kilka.<\/p>\n<!-- \/wp:paragraph -->\n\n<!-- wp:paragraph -->\n<p>Po pierwsze pojawienie si\u0119 rodzic\u00f3w w otoczeniu natychmiast prze\u0142amuje rzeczywisto\u015b\u0107. Dla t\u0119skni\u0105cych dzieci nie ma nic wa\u017cniejszego, wszystko inne przestaje istnie\u0107. Efekt psychologiczny jest tak silny, \u017ce najcz\u0119\u015bciej nie chc\u0105 nawet s\u0142ysze\u0107 o tym, \u017ce mia\u0142yby tu zosta\u0107 d\u0142u\u017cej bez rodzic\u00f3w. Mo\u017ce si\u0119 okaza\u0107, \u017ce to, co mia\u0142o z\u0142agodzi\u0107 problem, tylko go pogorszy.<\/p>\n<!-- \/wp:paragraph -->\n\n<!-- wp:paragraph -->\n<p>Pojawia si\u0119 te\u017c jeszcze inna zale\u017cno\u015b\u0107.<\/p>\n<!-- \/wp:paragraph -->\n\n<!-- wp:paragraph -->\n<p>Bardzo cz\u0119sto, aby uzasadni\u0107 rodzicom \u201ezawracanie g\u0142owy\u201d swoj\u0105 t\u0119sknot\u0105, dzieci przedstawiaj\u0105 r\u00f3\u017cne swoje problemy jako bardzo powa\u017cne. Ma\u0142a sprzeczka z koleg\u0105 b\u0119dzie zatem ju\u017c prawdziw\u0105 wojn\u0105, ten nieszcz\u0119sny but co najmniej urywa nog\u0119, a jedzenie jest nie do jedzenia.<\/p>\n<!-- \/wp:paragraph -->\n\n<!-- wp:paragraph -->\n<p>Gdy rodzic ju\u017c przyjedzie na miejsce, czyli potraktuje powa\u017cnie to, co dziecko przekaza\u0142o przez telefon, bardzo trudnym dla dziecka b\u0119dzie nagle z\u0142agodzenie tonu i przyznanie, \u017ce mo\u017ce troch\u0119 przesadzi\u0142o. Oczywi\u015bcie kluczowe tutaj s\u0105 relacje rodzica z dzieckiem i nie zawsze ta zale\u017cno\u015b\u0107 si\u0119 pojawia. Jednak na tyle cz\u0119sto, by wzi\u0105\u0107 j\u0105 powa\u017cnie pod uwag\u0119. W du\u017cej cz\u0119\u015bci przypadk\u00f3w gdy rodzic przyje\u017cd\u017ca, to rozpacz urwisa si\u0119 pot\u0119guje. Wszystkie problemy rosn\u0105 jeszcze bardziej, aby sta\u0107 si\u0119 odpowiednim uzasadnieniem dla \u201ezmarnowanego\u201d rodzicielskiego czasu.<\/p>\n<!-- \/wp:paragraph -->\n\n<!-- wp:paragraph -->\n<p>Warto uwa\u017ca\u0107 na te pu\u0142apki.<\/p>\n<!-- \/wp:paragraph -->\n\n<!-- wp:heading {\"fontSize\":\"medium\"} -->\n<h2 class=\"wp-block-heading has-medium-font-size\"><strong>Koniec ko\u0144c\u00f3w dziecko zapami\u0119ta tylko te dobre rzeczy?<\/strong><\/h2>\n<!-- \/wp:heading -->\n\n<!-- wp:paragraph -->\n<p>No nie do ko\u0144ca. Wspominaj\u0105c w\u0142asne dzieci\u0144stwo na pewno ka\u017cdy z nas przypomina sobie mn\u00f3stwo interpersonalnych drobiazg\u00f3w, ma\u0142ych zadr, kt\u00f3re na zawsze utkwi\u0142y nam w pami\u0119ci. Z\u0142e s\u0142owo czy nawet b\u00f3jka, jaka\u015b kr\u0119puj\u0105ca sytuacja, stres, wstyd, czasem strach. Prze\u017cyli\u015bmy to (bez telefon\u00f3w! \ud83d\ude09 ), a dzisiaj wiemy, \u017ce w wi\u0119kszo\u015bci by\u0142y to jednak drobiazgi.<\/p>\n<!-- \/wp:paragraph -->\n\n<!-- wp:html -->\n<figure class=\"wp-block-image alignright size-large is-resized\"><img src=\"https:\/\/kortunal.com\/wp-content\/uploads\/2023\/02\/0070_fot.Rekografia-1024x683.jpg\" alt=\"\" class=\"wp-image-49288\" style=\"width:602px;height:401px;margin-right:15px;margin-bottom:8px;\"\/><\/figure>\n<!-- \/wp:html -->\n\n<!-- wp:paragraph -->\n<p>Czy je\u015bli jednak te drobiazgi maj\u0105 naszemu bohaterowi psu\u0107 rado\u015b\u0107 z wyjazdu\u2026 to czy na pewno warto? Tak jak napisali\u015bmy na samym pocz\u0105tku \u2013 nie ma jednej dobrej odpowiedzi na to pytanie. By\u0107 mo\u017ce, je\u015bli rozpacz i t\u0119sknota naszego malucha zaczyna przy\u0107miewa\u0107 jego rado\u015b\u0107 z zabawy, to mo\u017ce to jednak jeszcze nie czas i warto spr\u00f3bowa\u0107 za rok.<\/p>\n<!-- \/wp:paragraph -->\n\n<!-- wp:paragraph -->\n<p>Wszystko, co napisali\u015bmy powy\u017cej, to wynik naszej pracy z dzieciakami. W dniu pisania tego tekstu to\u00a0 ju\u017c \u0107wier\u0107 wieku organizowania oboz\u00f3w aktywnych dla ma\u0142ych bohater\u00f3w.<\/p>\n<!-- \/wp:paragraph -->\n\n<!-- wp:paragraph -->\n<p>Jasna sprawa, nie ma co kierowac si\u0119 tylko jedn\u0105 opini\u0105. Zach\u0119camy do poszukania w necie innych artyku\u0142\u00f3w i poczytania, bo na ten temat napisano ju\u017c ca\u0142kiem sporo. Zajrzyjcie te\u017c tutaj -&gt; poni\u017cej kilka przyk\u0142adowych link\u00f3w:<\/p>\n<!-- \/wp:paragraph -->\n\n<!-- wp:list -->\n<ul class=\"wp-block-list\"><!-- wp:list-item -->\n<li><a href=\"https:\/\/ug.edu.pl\/news\/pl\/1631\/psycholog-ug-pierwszy-wyjazd-na-kolonie-gotowosc-dziecka\">https:\/\/ug.edu.pl\/news\/pl\/1631\/psycholog-ug-pierwszy-wyjazd-na-kolonie-gotowosc-dziecka<\/a><br><a href=\"https:\/\/trojka.polskieradio.pl\/artykul\/2769111\">https:\/\/trojka.polskieradio.pl\/artykul\/2769111<\/a><\/li>\n<!-- \/wp:list-item -->\n\n<!-- wp:list-item -->\n<li><a href=\"https:\/\/parenting.pl\/mamo-zabierz-mnie-stad-dlaczego-dzieci-chca-wracac-z-kolonii\">https:\/\/parenting.pl\/mamo-zabierz-mnie-stad-dlaczego-dzieci-chca-wracac-z-kolonii<\/a><\/li>\n<!-- \/wp:list-item -->\n\n<!-- wp:list-item -->\n<li><a href=\"https:\/\/nowiny24.pl\/wakacje-bez-rodzicow-rady-psychologa\/ar\/5766501\">https:\/\/nowiny24.pl\/wakacje-bez-rodzicow-rady-psychologa\/ar\/5766501<\/a><\/li>\n<!-- \/wp:list-item --><\/ul>\n<!-- \/wp:list -->\n\n<!-- wp:paragraph -->\n<p>Mnogo\u015b\u0107 opinii, jakie znajdziecie, \u015bwiadczy przede wszystkim o tym, \u017ce dzieci\u0119ca t\u0119sknota na pierwszych wyjazdach jest zjawiskiem absolutnie normalnym, niekoniecznie zawinionym przez kogokolwiek. Trzeba si\u0119 ni\u0105 oczywi\u015bcie przejmowa\u0107, jak wszystkim, co prze\u017cywaj\u0105 nasze dzieci, ale z zachowaniem proporcji i  tak, aby nie dorobi\u0107 sobie ani naszym bohaterom niepotrzebnych z\u0142ych emocji :) <\/p>\n<!-- \/wp:paragraph -->\n\n<!-- wp:media-text {\"mediaId\":48275,\"linkDestination\":\"custom\",\"mediaType\":\"image\",\"mediaWidth\":32} -->\n<div class=\"wp-block-media-text is-stacked-on-mobile\" style=\"grid-template-columns:32% auto\"><figure class=\"wp-block-media-text__media\"><a href=\"https:\/\/kortunal.com\/index.php\/2019\/12\/31\/silberberg-urwis\/\"><img src=\"https:\/\/kortunal.com\/wp-content\/uploads\/2019\/12\/0046_fot.Rekografia.jpg\" alt=\"\" class=\"wp-image-48275 size-full\"\/><\/a><\/figure><div class=\"wp-block-media-text__content\"><!-- wp:paragraph {\"placeholder\":\"Tre\u015b\u0107\u2026\"} -->\n<p>Dla najm\u0142odszych - t\u0119skni\u0105cych i nie-t\u0119skni\u0105cych - dedykujemy nasz super przygodowy ob\u00f3z dla ma\u0142ych bohater\u00f3w <a href=\"https:\/\/kortunal.com\/index.php\/2019\/12\/31\/silberberg-urwis\/\">URWIS <\/a><\/p>\n<!-- \/wp:paragraph -->\n\n<!-- wp:paragraph -->\n<p>Tutaj szczeg\u00f3lnie zwracamy uwag\u0119 na emocje i problemy najm\u0142odszych - pomagaj\u0105 nam te emocje, kt\u00f3re kreujemy za pomoc\u0105 fabularnych przyg\u00f3d! <\/p>\n<!-- \/wp:paragraph --><\/div><\/div>\n<!-- \/wp:media-text -->","_et_gb_content_width":"","footnotes":""},"categories":[1,12,10],"tags":[19,20,22,21,24,23],"class_list":["post-49281","post","type-post","status-publish","format-standard","has-post-thumbnail","hentry","category-bez-kategorii","category-dla-rodzicow","category-obozy-larpowe","tag-dziecko","tag-kolonie","tag-oboz-dla-dzieci","tag-obozy-dla-dzieci","tag-rodzice","tag-tesknota-na-kolonii"],"yoast_head":"<!-- This site is optimized with the Yoast SEO plugin v27.5 - https:\/\/yoast.com\/product\/yoast-seo-wordpress\/ -->\n<title>Urwisowa t\u0119sknota czyli Rodzicu, wytrzymaj! - Kortunal<\/title>\n<meta name=\"description\" content=\"Dziecko t\u0119skni na obozie, zw\u0142aszcza je\u015bli jedzie na ob\u00f3z\/kolonie po raz pierwszy bez rodzic\u00f3w. To zjawisko ca\u0142kiem normalne.\" \/>\n<meta name=\"robots\" content=\"index, follow, max-snippet:-1, max-image-preview:large, max-video-preview:-1\" \/>\n<link rel=\"canonical\" href=\"https:\/\/kortunal.com\/index.php\/2023\/02\/21\/dziecko-teskni-na-obozie\/\" \/>\n<meta property=\"og:locale\" content=\"pl_PL\" \/>\n<meta property=\"og:type\" content=\"article\" \/>\n<meta property=\"og:title\" content=\"Urwisowa t\u0119sknota czyli Rodzicu, wytrzymaj! - Kortunal\" \/>\n<meta property=\"og:description\" content=\"Dziecko t\u0119skni na obozie, zw\u0142aszcza je\u015bli jedzie na ob\u00f3z\/kolonie po raz pierwszy bez rodzic\u00f3w. To zjawisko ca\u0142kiem normalne.\" \/>\n<meta property=\"og:url\" content=\"https:\/\/kortunal.com\/index.php\/2023\/02\/21\/dziecko-teskni-na-obozie\/\" \/>\n<meta property=\"og:site_name\" content=\"Kortunal\" \/>\n<meta property=\"article:published_time\" content=\"2023-02-21T10:20:02+00:00\" \/>\n<meta property=\"article:modified_time\" content=\"2024-11-29T20:16:46+00:00\" \/>\n<meta property=\"og:image\" content=\"https:\/\/kortunal.com\/wp-content\/uploads\/2019\/12\/0046_fot.Rekografia.jpg\" \/>\n\t<meta property=\"og:image:width\" content=\"800\" \/>\n\t<meta property=\"og:image:height\" content=\"800\" \/>\n\t<meta property=\"og:image:type\" content=\"image\/jpeg\" \/>\n<meta name=\"author\" content=\"IndianA\" \/>\n<meta name=\"twitter:card\" content=\"summary_large_image\" \/>\n<meta name=\"twitter:label1\" content=\"Napisane przez\" \/>\n\t<meta name=\"twitter:data1\" content=\"IndianA\" \/>\n\t<meta name=\"twitter:label2\" content=\"Szacowany czas czytania\" \/>\n\t<meta name=\"twitter:data2\" content=\"10 minut\" \/>\n<script type=\"application\/ld+json\" class=\"yoast-schema-graph\">{\"@context\":\"https:\\\/\\\/schema.org\",\"@graph\":[{\"@type\":\"Article\",\"@id\":\"https:\\\/\\\/kortunal.com\\\/index.php\\\/2023\\\/02\\\/21\\\/dziecko-teskni-na-obozie\\\/#article\",\"isPartOf\":{\"@id\":\"https:\\\/\\\/kortunal.com\\\/index.php\\\/2023\\\/02\\\/21\\\/dziecko-teskni-na-obozie\\\/\"},\"author\":{\"name\":\"IndianA\",\"@id\":\"https:\\\/\\\/kortunal.com\\\/#\\\/schema\\\/person\\\/ba85fb9130461e4448ef3c821a962a52\"},\"headline\":\"Urwisowa t\u0119sknota czyli Rodzicu, wytrzymaj!\",\"datePublished\":\"2023-02-21T10:20:02+00:00\",\"dateModified\":\"2024-11-29T20:16:46+00:00\",\"mainEntityOfPage\":{\"@id\":\"https:\\\/\\\/kortunal.com\\\/index.php\\\/2023\\\/02\\\/21\\\/dziecko-teskni-na-obozie\\\/\"},\"wordCount\":1952,\"image\":{\"@id\":\"https:\\\/\\\/kortunal.com\\\/index.php\\\/2023\\\/02\\\/21\\\/dziecko-teskni-na-obozie\\\/#primaryimage\"},\"thumbnailUrl\":\"https:\\\/\\\/kortunal.com\\\/wp-content\\\/uploads\\\/2019\\\/12\\\/0046_fot.Rekografia.jpg\",\"keywords\":[\"dziecko\",\"kolonie\",\"ob\u00f3z dla dzieci\",\"obozy dla dzieci\",\"rodzice\",\"t\u0119sknota na kolonii\"],\"articleSection\":{\"1\":\"Dla rodzic\u00f3w\",\"2\":\"Obozy larpowe\"},\"inLanguage\":\"pl-PL\"},{\"@type\":\"WebPage\",\"@id\":\"https:\\\/\\\/kortunal.com\\\/index.php\\\/2023\\\/02\\\/21\\\/dziecko-teskni-na-obozie\\\/\",\"url\":\"https:\\\/\\\/kortunal.com\\\/index.php\\\/2023\\\/02\\\/21\\\/dziecko-teskni-na-obozie\\\/\",\"name\":\"Urwisowa t\u0119sknota czyli Rodzicu, wytrzymaj! - Kortunal\",\"isPartOf\":{\"@id\":\"https:\\\/\\\/kortunal.com\\\/#website\"},\"primaryImageOfPage\":{\"@id\":\"https:\\\/\\\/kortunal.com\\\/index.php\\\/2023\\\/02\\\/21\\\/dziecko-teskni-na-obozie\\\/#primaryimage\"},\"image\":{\"@id\":\"https:\\\/\\\/kortunal.com\\\/index.php\\\/2023\\\/02\\\/21\\\/dziecko-teskni-na-obozie\\\/#primaryimage\"},\"thumbnailUrl\":\"https:\\\/\\\/kortunal.com\\\/wp-content\\\/uploads\\\/2019\\\/12\\\/0046_fot.Rekografia.jpg\",\"datePublished\":\"2023-02-21T10:20:02+00:00\",\"dateModified\":\"2024-11-29T20:16:46+00:00\",\"author\":{\"@id\":\"https:\\\/\\\/kortunal.com\\\/#\\\/schema\\\/person\\\/ba85fb9130461e4448ef3c821a962a52\"},\"description\":\"Dziecko t\u0119skni na obozie, zw\u0142aszcza je\u015bli jedzie na ob\u00f3z\\\/kolonie po raz pierwszy bez rodzic\u00f3w. To zjawisko ca\u0142kiem normalne.\",\"breadcrumb\":{\"@id\":\"https:\\\/\\\/kortunal.com\\\/index.php\\\/2023\\\/02\\\/21\\\/dziecko-teskni-na-obozie\\\/#breadcrumb\"},\"inLanguage\":\"pl-PL\",\"potentialAction\":[{\"@type\":\"ReadAction\",\"target\":[\"https:\\\/\\\/kortunal.com\\\/index.php\\\/2023\\\/02\\\/21\\\/dziecko-teskni-na-obozie\\\/\"]}]},{\"@type\":\"ImageObject\",\"inLanguage\":\"pl-PL\",\"@id\":\"https:\\\/\\\/kortunal.com\\\/index.php\\\/2023\\\/02\\\/21\\\/dziecko-teskni-na-obozie\\\/#primaryimage\",\"url\":\"https:\\\/\\\/kortunal.com\\\/wp-content\\\/uploads\\\/2019\\\/12\\\/0046_fot.Rekografia.jpg\",\"contentUrl\":\"https:\\\/\\\/kortunal.com\\\/wp-content\\\/uploads\\\/2019\\\/12\\\/0046_fot.Rekografia.jpg\",\"width\":800,\"height\":800},{\"@type\":\"BreadcrumbList\",\"@id\":\"https:\\\/\\\/kortunal.com\\\/index.php\\\/2023\\\/02\\\/21\\\/dziecko-teskni-na-obozie\\\/#breadcrumb\",\"itemListElement\":[{\"@type\":\"ListItem\",\"position\":1,\"name\":\"Strona g\u0142\u00f3wna\",\"item\":\"https:\\\/\\\/kortunal.com\\\/\"},{\"@type\":\"ListItem\",\"position\":2,\"name\":\"Urwisowa t\u0119sknota czyli Rodzicu, wytrzymaj!\"}]},{\"@type\":\"WebSite\",\"@id\":\"https:\\\/\\\/kortunal.com\\\/#website\",\"url\":\"https:\\\/\\\/kortunal.com\\\/\",\"name\":\"Kortunal\",\"description\":\"Obozy i wycieczki pe\u0142ne przyg\u00f3d.\",\"potentialAction\":[{\"@type\":\"SearchAction\",\"target\":{\"@type\":\"EntryPoint\",\"urlTemplate\":\"https:\\\/\\\/kortunal.com\\\/?s={search_term_string}\"},\"query-input\":{\"@type\":\"PropertyValueSpecification\",\"valueRequired\":true,\"valueName\":\"search_term_string\"}}],\"inLanguage\":\"pl-PL\"},{\"@type\":\"Person\",\"@id\":\"https:\\\/\\\/kortunal.com\\\/#\\\/schema\\\/person\\\/ba85fb9130461e4448ef3c821a962a52\",\"name\":\"IndianA\",\"image\":{\"@type\":\"ImageObject\",\"inLanguage\":\"pl-PL\",\"@id\":\"https:\\\/\\\/secure.gravatar.com\\\/avatar\\\/86659e8e91e5c1f6155e76cd269b3e4ec8aef313bb82af1b964b54e75274c95e?s=96&d=mm&r=g\",\"url\":\"https:\\\/\\\/secure.gravatar.com\\\/avatar\\\/86659e8e91e5c1f6155e76cd269b3e4ec8aef313bb82af1b964b54e75274c95e?s=96&d=mm&r=g\",\"contentUrl\":\"https:\\\/\\\/secure.gravatar.com\\\/avatar\\\/86659e8e91e5c1f6155e76cd269b3e4ec8aef313bb82af1b964b54e75274c95e?s=96&d=mm&r=g\",\"caption\":\"IndianA\"},\"url\":\"https:\\\/\\\/kortunal.com\\\/index.php\\\/author\\\/indiana\\\/\"}]}<\/script>\n<!-- \/ Yoast SEO plugin. -->","yoast_head_json":{"title":"Urwisowa t\u0119sknota czyli Rodzicu, wytrzymaj! - Kortunal","description":"Dziecko t\u0119skni na obozie, zw\u0142aszcza je\u015bli jedzie na ob\u00f3z\/kolonie po raz pierwszy bez rodzic\u00f3w. To zjawisko ca\u0142kiem normalne.","robots":{"index":"index","follow":"follow","max-snippet":"max-snippet:-1","max-image-preview":"max-image-preview:large","max-video-preview":"max-video-preview:-1"},"canonical":"https:\/\/kortunal.com\/index.php\/2023\/02\/21\/dziecko-teskni-na-obozie\/","og_locale":"pl_PL","og_type":"article","og_title":"Urwisowa t\u0119sknota czyli Rodzicu, wytrzymaj! - Kortunal","og_description":"Dziecko t\u0119skni na obozie, zw\u0142aszcza je\u015bli jedzie na ob\u00f3z\/kolonie po raz pierwszy bez rodzic\u00f3w. To zjawisko ca\u0142kiem normalne.","og_url":"https:\/\/kortunal.com\/index.php\/2023\/02\/21\/dziecko-teskni-na-obozie\/","og_site_name":"Kortunal","article_published_time":"2023-02-21T10:20:02+00:00","article_modified_time":"2024-11-29T20:16:46+00:00","og_image":[{"width":800,"height":800,"url":"https:\/\/kortunal.com\/wp-content\/uploads\/2019\/12\/0046_fot.Rekografia.jpg","type":"image\/jpeg"}],"author":"IndianA","twitter_card":"summary_large_image","twitter_misc":{"Napisane przez":"IndianA","Szacowany czas czytania":"10 minut"},"schema":{"@context":"https:\/\/schema.org","@graph":[{"@type":"Article","@id":"https:\/\/kortunal.com\/index.php\/2023\/02\/21\/dziecko-teskni-na-obozie\/#article","isPartOf":{"@id":"https:\/\/kortunal.com\/index.php\/2023\/02\/21\/dziecko-teskni-na-obozie\/"},"author":{"name":"IndianA","@id":"https:\/\/kortunal.com\/#\/schema\/person\/ba85fb9130461e4448ef3c821a962a52"},"headline":"Urwisowa t\u0119sknota czyli Rodzicu, wytrzymaj!","datePublished":"2023-02-21T10:20:02+00:00","dateModified":"2024-11-29T20:16:46+00:00","mainEntityOfPage":{"@id":"https:\/\/kortunal.com\/index.php\/2023\/02\/21\/dziecko-teskni-na-obozie\/"},"wordCount":1952,"image":{"@id":"https:\/\/kortunal.com\/index.php\/2023\/02\/21\/dziecko-teskni-na-obozie\/#primaryimage"},"thumbnailUrl":"https:\/\/kortunal.com\/wp-content\/uploads\/2019\/12\/0046_fot.Rekografia.jpg","keywords":["dziecko","kolonie","ob\u00f3z dla dzieci","obozy dla dzieci","rodzice","t\u0119sknota na kolonii"],"articleSection":{"1":"Dla rodzic\u00f3w","2":"Obozy larpowe"},"inLanguage":"pl-PL"},{"@type":"WebPage","@id":"https:\/\/kortunal.com\/index.php\/2023\/02\/21\/dziecko-teskni-na-obozie\/","url":"https:\/\/kortunal.com\/index.php\/2023\/02\/21\/dziecko-teskni-na-obozie\/","name":"Urwisowa t\u0119sknota czyli Rodzicu, wytrzymaj! - Kortunal","isPartOf":{"@id":"https:\/\/kortunal.com\/#website"},"primaryImageOfPage":{"@id":"https:\/\/kortunal.com\/index.php\/2023\/02\/21\/dziecko-teskni-na-obozie\/#primaryimage"},"image":{"@id":"https:\/\/kortunal.com\/index.php\/2023\/02\/21\/dziecko-teskni-na-obozie\/#primaryimage"},"thumbnailUrl":"https:\/\/kortunal.com\/wp-content\/uploads\/2019\/12\/0046_fot.Rekografia.jpg","datePublished":"2023-02-21T10:20:02+00:00","dateModified":"2024-11-29T20:16:46+00:00","author":{"@id":"https:\/\/kortunal.com\/#\/schema\/person\/ba85fb9130461e4448ef3c821a962a52"},"description":"Dziecko t\u0119skni na obozie, zw\u0142aszcza je\u015bli jedzie na ob\u00f3z\/kolonie po raz pierwszy bez rodzic\u00f3w. To zjawisko ca\u0142kiem normalne.","breadcrumb":{"@id":"https:\/\/kortunal.com\/index.php\/2023\/02\/21\/dziecko-teskni-na-obozie\/#breadcrumb"},"inLanguage":"pl-PL","potentialAction":[{"@type":"ReadAction","target":["https:\/\/kortunal.com\/index.php\/2023\/02\/21\/dziecko-teskni-na-obozie\/"]}]},{"@type":"ImageObject","inLanguage":"pl-PL","@id":"https:\/\/kortunal.com\/index.php\/2023\/02\/21\/dziecko-teskni-na-obozie\/#primaryimage","url":"https:\/\/kortunal.com\/wp-content\/uploads\/2019\/12\/0046_fot.Rekografia.jpg","contentUrl":"https:\/\/kortunal.com\/wp-content\/uploads\/2019\/12\/0046_fot.Rekografia.jpg","width":800,"height":800},{"@type":"BreadcrumbList","@id":"https:\/\/kortunal.com\/index.php\/2023\/02\/21\/dziecko-teskni-na-obozie\/#breadcrumb","itemListElement":[{"@type":"ListItem","position":1,"name":"Strona g\u0142\u00f3wna","item":"https:\/\/kortunal.com\/"},{"@type":"ListItem","position":2,"name":"Urwisowa t\u0119sknota czyli Rodzicu, wytrzymaj!"}]},{"@type":"WebSite","@id":"https:\/\/kortunal.com\/#website","url":"https:\/\/kortunal.com\/","name":"Kortunal","description":"Obozy i wycieczki pe\u0142ne przyg\u00f3d.","potentialAction":[{"@type":"SearchAction","target":{"@type":"EntryPoint","urlTemplate":"https:\/\/kortunal.com\/?s={search_term_string}"},"query-input":{"@type":"PropertyValueSpecification","valueRequired":true,"valueName":"search_term_string"}}],"inLanguage":"pl-PL"},{"@type":"Person","@id":"https:\/\/kortunal.com\/#\/schema\/person\/ba85fb9130461e4448ef3c821a962a52","name":"IndianA","image":{"@type":"ImageObject","inLanguage":"pl-PL","@id":"https:\/\/secure.gravatar.com\/avatar\/86659e8e91e5c1f6155e76cd269b3e4ec8aef313bb82af1b964b54e75274c95e?s=96&d=mm&r=g","url":"https:\/\/secure.gravatar.com\/avatar\/86659e8e91e5c1f6155e76cd269b3e4ec8aef313bb82af1b964b54e75274c95e?s=96&d=mm&r=g","contentUrl":"https:\/\/secure.gravatar.com\/avatar\/86659e8e91e5c1f6155e76cd269b3e4ec8aef313bb82af1b964b54e75274c95e?s=96&d=mm&r=g","caption":"IndianA"},"url":"https:\/\/kortunal.com\/index.php\/author\/indiana\/"}]}},"_links":{"self":[{"href":"https:\/\/kortunal.com\/index.php\/wp-json\/wp\/v2\/posts\/49281","targetHints":{"allow":["GET"]}}],"collection":[{"href":"https:\/\/kortunal.com\/index.php\/wp-json\/wp\/v2\/posts"}],"about":[{"href":"https:\/\/kortunal.com\/index.php\/wp-json\/wp\/v2\/types\/post"}],"author":[{"embeddable":true,"href":"https:\/\/kortunal.com\/index.php\/wp-json\/wp\/v2\/users\/2"}],"replies":[{"embeddable":true,"href":"https:\/\/kortunal.com\/index.php\/wp-json\/wp\/v2\/comments?post=49281"}],"version-history":[{"count":16,"href":"https:\/\/kortunal.com\/index.php\/wp-json\/wp\/v2\/posts\/49281\/revisions"}],"predecessor-version":[{"id":50103,"href":"https:\/\/kortunal.com\/index.php\/wp-json\/wp\/v2\/posts\/49281\/revisions\/50103"}],"wp:featuredmedia":[{"embeddable":true,"href":"https:\/\/kortunal.com\/index.php\/wp-json\/wp\/v2\/media\/48275"}],"wp:attachment":[{"href":"https:\/\/kortunal.com\/index.php\/wp-json\/wp\/v2\/media?parent=49281"}],"wp:term":[{"taxonomy":"category","embeddable":true,"href":"https:\/\/kortunal.com\/index.php\/wp-json\/wp\/v2\/categories?post=49281"},{"taxonomy":"post_tag","embeddable":true,"href":"https:\/\/kortunal.com\/index.php\/wp-json\/wp\/v2\/tags?post=49281"}],"curies":[{"name":"wp","href":"https:\/\/api.w.org\/{rel}","templated":true}]}}